{"id":1720,"date":"2022-02-05T07:08:57","date_gmt":"2022-02-05T07:08:57","guid":{"rendered":"https:\/\/petrana-sabolek.net\/?p=1720"},"modified":"2022-04-29T13:08:47","modified_gmt":"2022-04-29T13:08:47","slug":"1720","status":"publish","type":"post","link":"https:\/\/petrana-sabolek.net\/index.php\/2022\/02\/05\/1720\/","title":{"rendered":"\u201eOD SLOVA DO SLOVA\u201c, II. IZDANJE, NA POLICAMA ME\u0110IMURSKIH OSNOVNIH \u0160KOLA I VRTI\u0106A"},"content":{"rendered":"<p><img loading=\"lazy\" decoding=\"async\" class=\"wp-image-1826 alignleft\" src=\"https:\/\/petrana-sabolek.net\/wp-content\/uploads\/2022\/02\/Od-slova-do-slova-na-policama-biblioteke-OS-Gorican-269890384_903389853872748_6843525862093921604_n-300x296.jpg\" alt=\"\" width=\"359\" height=\"355\" srcset=\"https:\/\/petrana-sabolek.net\/wp-content\/uploads\/2022\/02\/Od-slova-do-slova-na-policama-biblioteke-OS-Gorican-269890384_903389853872748_6843525862093921604_n-300x296.jpg 300w, https:\/\/petrana-sabolek.net\/wp-content\/uploads\/2022\/02\/Od-slova-do-slova-na-policama-biblioteke-OS-Gorican-269890384_903389853872748_6843525862093921604_n.jpg 441w\" sizes=\"auto, (max-width: 359px) 100vw, 359px\" \/> Zahvaljuju\u0107i Me\u0111imurskoj \u017eupaniji, Ogranku Matice hrvatske u \u010cakovcu i autorici\u00a0 Petrani Sabolek, koncem 2020., uz dan sv. Nikole 2020., u svim osnovnim \u0161kolama i\u00a0 vrti\u0107ima\u00a0 Me\u0111imurja na\u0161la se knjiga autorice OD SLOVA DO SLOVA, II. izdanje, 2020. Na slici lijevo snimljena je na policama knji\u017enice O\u0160 Gori\u010dan, a slike dolje ilustriraju sadr\u017eaj knjige. Ponajprije, uvodnom pjesmom ABECEDA, kako je preuzeta iz \u010cITAM I PI\u0160EM 2, radne bilje\u017enice za 2.r. osnovne \u0161kole, nakladnika ALFA 2021.\/2022, a potom ilustracijom jednog od slova &#8211; nasujmce izabranog, slova &#8220;J&#8221;.\u00a0 \u00a0U Galeriji slika za sje\u0107anje su fotografije s primopredaje knjiga nakladnika Ogranka Matice hrvatske u \u010cakovcu i \u017dupanije me\u0111imurske i to, s lijeva nadesno:\u00a0 Matija Posavec, \u017dupan me\u0111imurske \u017eupanije,\u00a0 Petrana Sabolek, autorica knjige, Ivan Pranji\u0107, predsjednik Ogranka Matice hrvatske u \u010cakovcu te Anita Novak, tajnica Ogranka.<\/p>\n<p><a href=\"https:\/\/petrana-sabolek.net\/wp-content\/uploads\/2022\/01\/citam-i-pisem-2.jpg\"><img loading=\"lazy\" decoding=\"async\" class=\"alignnone wp-image-1709\" src=\"https:\/\/petrana-sabolek.net\/wp-content\/uploads\/2022\/01\/citam-i-pisem-2-300x197.jpg\" alt=\"\" width=\"214\" height=\"140\" \/><\/a>\u00a0 \u00a0<a href=\"https:\/\/petrana-sabolek.net\/wp-content\/uploads\/2022\/02\/Skeniranje_20201111-8.jpg\"><img loading=\"lazy\" decoding=\"async\" class=\"alignnone wp-image-1825\" src=\"https:\/\/petrana-sabolek.net\/wp-content\/uploads\/2022\/02\/Skeniranje_20201111-8-200x300.jpg\" alt=\"\" width=\"93\" height=\"140\" \/><\/a><a href=\"https:\/\/petrana-sabolek.net\/wp-content\/uploads\/2022\/02\/Skeniranje_20201111-6.jpg\">\u00a0<\/a><a href=\"https:\/\/petrana-sabolek.net\/wp-content\/uploads\/2022\/02\/Skeniranje_20201111-6.jpg\"><img loading=\"lazy\" decoding=\"async\" class=\"alignnone wp-image-1824\" src=\"https:\/\/petrana-sabolek.net\/wp-content\/uploads\/2022\/02\/Skeniranje_20201111-6-192x300.jpg\" alt=\"\" width=\"90\" height=\"140\" \/><\/a>\u00a0 \u00a0<a href=\"https:\/\/petrana-sabolek.net\/wp-content\/uploads\/2022\/02\/od-slova-do-slova-mz-1.png\"><img loading=\"lazy\" decoding=\"async\" class=\"alignnone wp-image-1984\" src=\"https:\/\/petrana-sabolek.net\/wp-content\/uploads\/2022\/02\/od-slova-do-slova-mz-1-300x162.png\" alt=\"\" width=\"259\" height=\"140\" \/><\/a>\u00a0 \u00a0<a href=\"https:\/\/petrana-sabolek.net\/wp-content\/uploads\/2022\/02\/Knjiga-Od-slova-do-slova-Petrane-Sabolek-1-1.jpg\"><img loading=\"lazy\" decoding=\"async\" class=\"alignnone wp-image-1750\" src=\"https:\/\/petrana-sabolek.net\/wp-content\/uploads\/2022\/02\/Knjiga-Od-slova-do-slova-Petrane-Sabolek-1-1-195x300.jpg\" alt=\"\" width=\"91\" height=\"140\" \/><\/a><\/p>\n<p>&nbsp;<\/p>\n","protected":false},"excerpt":{"rendered":"<p>Zahvaljuju\u0107i Me\u0111imurskoj \u017eupaniji, Ogranku Matice hrvatske u \u010cakovcu i autorici\u00a0 Petrani Sabolek, koncem 2020., uz dan sv. Nikole 2020., u svim osnovnim \u0161kolama i\u00a0 vrti\u0107ima\u00a0 Me\u0111imurja na\u0161la se knjiga autorice OD SLOVA DO SLOVA, II. izdanje, 2020. Na slici lijevo snimljena je na policama knji\u017enice O\u0160 Gori\u010dan, a slike dolje ilustriraju sadr\u017eaj knjige. Ponajprije, uvodnom [&hellip;]<\/p>\n","protected":false},"author":1,"featured_media":2030,"comment_status":"open","ping_status":"open","sticky":false,"template":"","format":"gallery","meta":{"_et_pb_use_builder":"","_et_pb_old_content":"","_et_gb_content_width":"","footnotes":""},"categories":[7,11,9],"tags":[],"class_list":["post-1720","post","type-post","status-publish","format-gallery","has-post-thumbnail","hentry","category-blog","category-djecji_blok","category-novosti","post_format-post-format-gallery"],"_links":{"self":[{"href":"https:\/\/petrana-sabolek.net\/index.php\/wp-json\/wp\/v2\/posts\/1720","targetHints":{"allow":["GET"]}}],"collection":[{"href":"https:\/\/petrana-sabolek.net\/index.php\/wp-json\/wp\/v2\/posts"}],"about":[{"href":"https:\/\/petrana-sabolek.net\/index.php\/wp-json\/wp\/v2\/types\/post"}],"author":[{"embeddable":true,"href":"https:\/\/petrana-sabolek.net\/index.php\/wp-json\/wp\/v2\/users\/1"}],"replies":[{"embeddable":true,"href":"https:\/\/petrana-sabolek.net\/index.php\/wp-json\/wp\/v2\/comments?post=1720"}],"version-history":[{"count":31,"href":"https:\/\/petrana-sabolek.net\/index.php\/wp-json\/wp\/v2\/posts\/1720\/revisions"}],"predecessor-version":[{"id":1979,"href":"https:\/\/petrana-sabolek.net\/index.php\/wp-json\/wp\/v2\/posts\/1720\/revisions\/1979"}],"wp:featuredmedia":[{"embeddable":true,"href":"https:\/\/petrana-sabolek.net\/index.php\/wp-json\/wp\/v2\/media\/2030"}],"wp:attachment":[{"href":"https:\/\/petrana-sabolek.net\/index.php\/wp-json\/wp\/v2\/media?parent=1720"}],"wp:term":[{"taxonomy":"category","embeddable":true,"href":"https:\/\/petrana-sabolek.net\/index.php\/wp-json\/wp\/v2\/categories?post=1720"},{"taxonomy":"post_tag","embeddable":true,"href":"https:\/\/petrana-sabolek.net\/index.php\/wp-json\/wp\/v2\/tags?post=1720"}],"curies":[{"name":"wp","href":"https:\/\/api.w.org\/{rel}","templated":true}]}}