{"id":1874,"date":"2022-02-14T13:45:41","date_gmt":"2022-02-14T13:45:41","guid":{"rendered":"https:\/\/petrana-sabolek.net\/?p=1874"},"modified":"2023-03-02T19:10:19","modified_gmt":"2023-03-02T19:10:19","slug":"uz-14-veljace-dan-sv-valentina-dan-zaljubljenih","status":"publish","type":"post","link":"https:\/\/petrana-sabolek.net\/index.php\/2022\/02\/14\/uz-14-veljace-dan-sv-valentina-dan-zaljubljenih\/","title":{"rendered":"UZ 14. VELJA\u010cE &#8211; DAN SV. VALENTINA, DANA ZALJUBLJENIH, &#8220;BESANO TKANJE&#8221;, PJESMA IZ POETSKOG RUKOPISA &#8220;NITI, SPONE, RELACIJE&#8221;"},"content":{"rendered":"<p><img loading=\"lazy\" decoding=\"async\" class=\"alignnone wp-image-1932 size-large\" src=\"https:\/\/petrana-sabolek.net\/wp-content\/uploads\/2022\/02\/Shallow-Focus-Photo-of-Red-Flowers-Free-Stock-Photo-pexels-photo-1083895-1024x576.jpeg\" alt=\"\" width=\"1024\" height=\"576\" srcset=\"https:\/\/petrana-sabolek.net\/wp-content\/uploads\/2022\/02\/Shallow-Focus-Photo-of-Red-Flowers-Free-Stock-Photo-pexels-photo-1083895-980x551.jpeg 980w, https:\/\/petrana-sabolek.net\/wp-content\/uploads\/2022\/02\/Shallow-Focus-Photo-of-Red-Flowers-Free-Stock-Photo-pexels-photo-1083895-480x270.jpeg 480w\" sizes=\"auto, (min-width: 0px) and (max-width: 480px) 480px, (min-width: 481px) and (max-width: 980px) 980px, (min-width: 981px) 1024px, 100vw\" \/><\/p>\n<p>\u0160u\u0161ti li\u0161\u0107e pod nogama<\/p>\n<p>\u0161u\u0161njem vjetar ga raznosi<\/p>\n<p>i uli\u010dna treperi lampa \u2013<\/p>\n<p>svjetlom igra u tvojoj kosi.<\/p>\n<p>&nbsp;<\/p>\n<p>I ne marim \u0161to ve\u0107 smo pro\u0161lost<\/p>\n<p>\u0161to pod lampom tek sje\u0107anje<\/p>\n<p>no\u0107na tmina i danju traje<\/p>\n<p>pa i dan tk\u00e2 besano tkanje.<\/p>\n<p>&nbsp;<\/p>\n<p>Sa mnom si od one no\u0107i<\/p>\n<p>kad te otkrih uz dah zime<\/p>\n<p>kada si mi usne dala<\/p>\n<p>uskrativ\u0161i poljupcem ime.<\/p>\n<p>&nbsp;<\/p>\n<p>Zato otad ovdje \u010dekam<\/p>\n<p>mir il&#8217; ljubav da mi vrati\u0161<\/p>\n<p>s tim sje\u0107anjem nisam sam<\/p>\n<p>a ti mo\u017eda ko onda svrati\u0161.<\/p>\n<p>&nbsp;<\/p>\n<p>&nbsp;<\/p>\n<p>&nbsp;<\/p>\n<p>&nbsp;<\/p>\n<p>&nbsp;<\/p>\n","protected":false},"excerpt":{"rendered":"<p>\u0160u\u0161ti li\u0161\u0107e pod nogama \u0161u\u0161njem vjetar ga raznosi i uli\u010dna treperi lampa \u2013 svjetlom igra u tvojoj kosi. &nbsp; I ne marim \u0161to ve\u0107 smo pro\u0161lost \u0161to pod lampom tek sje\u0107anje no\u0107na tmina i danju traje pa i dan tk\u00e2 besano tkanje. &nbsp; Sa mnom si od one no\u0107i kad te otkrih uz dah zime [&hellip;]<\/p>\n","protected":false},"author":1,"featured_media":1932,"comment_status":"open","ping_status":"open","sticky":false,"template":"","format":"gallery","meta":{"_et_pb_use_builder":"","_et_pb_old_content":"","_et_gb_content_width":"","footnotes":""},"categories":[7,3,6],"tags":[],"class_list":["post-1874","post","type-post","status-publish","format-gallery","has-post-thumbnail","hentry","category-blog","category-poezija","category-uz-dan","post_format-post-format-gallery"],"_links":{"self":[{"href":"https:\/\/petrana-sabolek.net\/index.php\/wp-json\/wp\/v2\/posts\/1874","targetHints":{"allow":["GET"]}}],"collection":[{"href":"https:\/\/petrana-sabolek.net\/index.php\/wp-json\/wp\/v2\/posts"}],"about":[{"href":"https:\/\/petrana-sabolek.net\/index.php\/wp-json\/wp\/v2\/types\/post"}],"author":[{"embeddable":true,"href":"https:\/\/petrana-sabolek.net\/index.php\/wp-json\/wp\/v2\/users\/1"}],"replies":[{"embeddable":true,"href":"https:\/\/petrana-sabolek.net\/index.php\/wp-json\/wp\/v2\/comments?post=1874"}],"version-history":[{"count":32,"href":"https:\/\/petrana-sabolek.net\/index.php\/wp-json\/wp\/v2\/posts\/1874\/revisions"}],"predecessor-version":[{"id":2008,"href":"https:\/\/petrana-sabolek.net\/index.php\/wp-json\/wp\/v2\/posts\/1874\/revisions\/2008"}],"wp:featuredmedia":[{"embeddable":true,"href":"https:\/\/petrana-sabolek.net\/index.php\/wp-json\/wp\/v2\/media\/1932"}],"wp:attachment":[{"href":"https:\/\/petrana-sabolek.net\/index.php\/wp-json\/wp\/v2\/media?parent=1874"}],"wp:term":[{"taxonomy":"category","embeddable":true,"href":"https:\/\/petrana-sabolek.net\/index.php\/wp-json\/wp\/v2\/categories?post=1874"},{"taxonomy":"post_tag","embeddable":true,"href":"https:\/\/petrana-sabolek.net\/index.php\/wp-json\/wp\/v2\/tags?post=1874"}],"curies":[{"name":"wp","href":"https:\/\/api.w.org\/{rel}","templated":true}]}}