{"id":2094,"date":"2022-02-25T17:50:22","date_gmt":"2022-02-25T17:50:22","guid":{"rendered":"https:\/\/petrana-sabolek.net\/?p=2094"},"modified":"2023-03-02T19:03:33","modified_gmt":"2023-03-02T19:03:33","slug":"uz-23-veljace-dan-agresije-na-ukrajinu","status":"publish","type":"post","link":"https:\/\/petrana-sabolek.net\/index.php\/2022\/02\/25\/uz-23-veljace-dan-agresije-na-ukrajinu\/","title":{"rendered":"UZ 24. VELJA\u010cE \u2013 DAN AGRESIJE NA UKRAJINU"},"content":{"rendered":"<p>&nbsp;<\/p>\n<p><img loading=\"lazy\" decoding=\"async\" class=\"alignleft wp-image-2273\" src=\"https:\/\/petrana-sabolek.net\/wp-content\/uploads\/2022\/02\/ukrajinska-zastava.jpg\" alt=\"\" width=\"500\" height=\"292\" \/><\/p>\n<p>Gledam slike ratnog stradanja u Ukrajini i pitam se zar je mogu\u0107e da i \u010dovjek 21. stolje\u0107a mo\u017ee biti ne\u010dovjek kakvim ga slika agresije predstavlja? Zar je mogu\u0107e da se i u dana\u0161njoj civilizaciji mo\u017ee na tako svirep na\u010din odnositi prema svom i tu\u0111em narodu, uni\u0161tavaju\u0107i \u017eivot obi\u010dnog \u010dovjeka? Zar dirigent takve agresorske orkestracije ne shva\u0107a da obitelj tog, obi\u010dnog, njegovo dijete i njihov dom nisu vojni ciljevi, a prema kojima je, navodno, jedino uperio oru\u017eje? I kako uop\u0107e uspijeva zaspati? I ne probudi li ga iz sna barem jedna slika rastanka roditelja i djece, slika njihovog bijega iz ugro\u017eenog doma ili pitanje gdje sada taj, obi\u010dan, odbjegli i njegovo dijete spavaju?<\/p>\n<p>No iako takvi nisu zaslu\u017eili ovaj svijet, ipak su i danas dio njega pa budu\u0107i da ih svijet nije uspio uljuditi, to si ga, eto, i danas, svojataju.<\/p>\n<p>Pisala sam, naime, sve ovo i 1990-tih. Dodu\u0161e u neotposlanim pismima agresorima, obra\u0107aju\u0107i im se zatomljenim porukama jednako te\u0161kih vremena: \u201eMolim neko dijete svijeta da me sjeti \u0161to je smijeh, \u0161to je pjesma, \u0161to je ptica; molim neko dijete svijeta da mi skine tugu s lica i vrati mu osmijeh koji s ratom nesta\u2026\u201c ili\u00a0 \u201eOd svih vojski na svijetu jedino mravlju priznajem. Ona nema krv uzavrelu ni ratne boje\u2026\u201c, odnosno, \u201eU ratu nema doru\u010dka, ru\u010dka ni ve\u010dere, nema postelje ni sna. U ratu\u2026 \u010dak ni zora kao obi\u010dno ne dolazi &#8211; i ona, ustra\u0161ena, negdje skrivena \u0161uti.\u201c<\/p>\n<p>Pred istovjetnom agresijom, tada, \u010ditava moja, dotad sazdana moralna vertikala uru\u0161ila se kao kula od karata. Do\u017eivjela sam ju kao neobja\u0161njivu pljusku, opaki \u0161amar u lice i mojoj diplomi, i mom zvanju, i \u010dovje\u010djem razumu, eti\u010dnosti, miroljubivosti, internacionalizmu\u2026 Svemu pozitivnom, dakle, kojem su me do tada u\u010dili. Osje\u0107ala sam se napu\u0161teno, izdano, izigrano, \u010dak odba\u010deno, kao \u0161to se osje\u0107am i danas u ime svih onih koji takvu dana\u0161njicu trenutno, na\u017ealost, \u017eive.<\/p>\n","protected":false},"excerpt":{"rendered":"<p>&nbsp; Gledam slike ratnog stradanja u Ukrajini i pitam se zar je mogu\u0107e da i \u010dovjek 21. stolje\u0107a mo\u017ee biti ne\u010dovjek kakvim ga slika agresije predstavlja? Zar je mogu\u0107e da se i u dana\u0161njoj civilizaciji mo\u017ee na tako svirep na\u010din odnositi prema svom i tu\u0111em narodu, uni\u0161tavaju\u0107i \u017eivot obi\u010dnog \u010dovjeka? Zar dirigent takve agresorske orkestracije [&hellip;]<\/p>\n","protected":false},"author":1,"featured_media":2273,"comment_status":"open","ping_status":"open","sticky":false,"template":"","format":"gallery","meta":{"_et_pb_use_builder":"","_et_pb_old_content":"","_et_gb_content_width":"","footnotes":""},"categories":[7,9,4,6],"tags":[],"class_list":["post-2094","post","type-post","status-publish","format-gallery","has-post-thumbnail","hentry","category-blog","category-novosti","category-proza","category-uz-dan","post_format-post-format-gallery"],"_links":{"self":[{"href":"https:\/\/petrana-sabolek.net\/index.php\/wp-json\/wp\/v2\/posts\/2094","targetHints":{"allow":["GET"]}}],"collection":[{"href":"https:\/\/petrana-sabolek.net\/index.php\/wp-json\/wp\/v2\/posts"}],"about":[{"href":"https:\/\/petrana-sabolek.net\/index.php\/wp-json\/wp\/v2\/types\/post"}],"author":[{"embeddable":true,"href":"https:\/\/petrana-sabolek.net\/index.php\/wp-json\/wp\/v2\/users\/1"}],"replies":[{"embeddable":true,"href":"https:\/\/petrana-sabolek.net\/index.php\/wp-json\/wp\/v2\/comments?post=2094"}],"version-history":[{"count":21,"href":"https:\/\/petrana-sabolek.net\/index.php\/wp-json\/wp\/v2\/posts\/2094\/revisions"}],"predecessor-version":[{"id":3595,"href":"https:\/\/petrana-sabolek.net\/index.php\/wp-json\/wp\/v2\/posts\/2094\/revisions\/3595"}],"wp:featuredmedia":[{"embeddable":true,"href":"https:\/\/petrana-sabolek.net\/index.php\/wp-json\/wp\/v2\/media\/2273"}],"wp:attachment":[{"href":"https:\/\/petrana-sabolek.net\/index.php\/wp-json\/wp\/v2\/media?parent=2094"}],"wp:term":[{"taxonomy":"category","embeddable":true,"href":"https:\/\/petrana-sabolek.net\/index.php\/wp-json\/wp\/v2\/categories?post=2094"},{"taxonomy":"post_tag","embeddable":true,"href":"https:\/\/petrana-sabolek.net\/index.php\/wp-json\/wp\/v2\/tags?post=2094"}],"curies":[{"name":"wp","href":"https:\/\/api.w.org\/{rel}","templated":true}]}}