{"id":2142,"date":"2022-02-27T15:59:03","date_gmt":"2022-02-27T15:59:03","guid":{"rendered":"https:\/\/petrana-sabolek.net\/?p=2142"},"modified":"2022-03-03T08:53:22","modified_gmt":"2022-03-03T08:53:22","slug":"14-galerija-na-otvorenom-u-varazdinu","status":"publish","type":"post","link":"https:\/\/petrana-sabolek.net\/index.php\/2022\/02\/27\/14-galerija-na-otvorenom-u-varazdinu\/","title":{"rendered":"14. &#8220;GALERIJA NA OTVORENOM U VARA\u017dDINU&#8221;"},"content":{"rendered":"<p>Danas, kada je zbog pandemije i teku\u0107ih epidemiolo\u0161kih mjera ponuda kulturno-umjetni\u010dkih sadr\u017eaja posvuda gotovo presu\u0161ila, \u201eModernist nakladni\u0161tvo\u201c iz Vara\u017edina, svake posljednje subote u mjesecu, programom \u201eGalerija na otvorenom\u201c, nudi svojim sugra\u0111anima razne kulturno-umjetni\u010dke zanimljivosti. Na jednom od pro\u010delje Korza redaju se tako stari filmovi, izlo\u017ebe slika, predstavljaju se poznate li\u010dnosti i\/ili njihova djela, izranjaju vinjete grada i spomenika kulture\u2026 Prolaznici sjednu, pogledaju video, popri\u010daju s organizatorom i nastave svojim putem. Postavljanjem i ilustracija mojih knjiga za djecu u okvir \u201eGalerije\u201c i sama sam postala dio ove zanimljive pri\u010de \u0161to su je u minulu zimsku, iznimno hladnu subotnju ve\u010der pogledali samo najmanje zimogrozni, odnosno, najve\u0107i ljubitelji fri\u0161kog zraka ili \u0161etnji te poklonici ponu\u0111enog sadr\u017eaja. No popiti usput topli \u010daj, u \u201eGrofici Marici\u201c, za mene kao autoricu, 14, &#8220;Galerija&#8221;\u00a0 bilo je jo\u0161 jedno zanimljivo predstavljanje i iznimno ugodno provedena ve\u010der. Vijest nije nova, ali nije zaboravljena. Jo\u0161 jednom hvala organizatoru, \u201cModernist nakladni\u0161tvu\u201c, Vara\u017edin.<\/p>\n<p>&nbsp;<\/p>\n<p><a href=\"https:\/\/petrana-sabolek.net\/wp-content\/uploads\/2022\/02\/4P_20220226_193644_vHDR_Auto.jpg\"><img loading=\"lazy\" decoding=\"async\" class=\"alignnone wp-image-2144\" src=\"https:\/\/petrana-sabolek.net\/wp-content\/uploads\/2022\/02\/4P_20220226_193644_vHDR_Auto-300x169.jpg\" alt=\"\" width=\"249\" height=\"140\" \/><\/a> <a href=\"https:\/\/petrana-sabolek.net\/wp-content\/uploads\/2022\/02\/2P_20220226_193741_vHDR_Auto.jpg\"><img loading=\"lazy\" decoding=\"async\" class=\"alignnone wp-image-2148\" src=\"https:\/\/petrana-sabolek.net\/wp-content\/uploads\/2022\/02\/2P_20220226_193741_vHDR_Auto-300x158.jpg\" alt=\"\" width=\"267\" height=\"140\" \/><\/a> <a href=\"https:\/\/petrana-sabolek.net\/wp-content\/uploads\/2022\/02\/3P_20220226_193826_vHDR_Auto.jpg\"><img loading=\"lazy\" decoding=\"async\" class=\"alignnone wp-image-2149\" src=\"https:\/\/petrana-sabolek.net\/wp-content\/uploads\/2022\/02\/3P_20220226_193826_vHDR_Auto-300x165.jpg\" alt=\"\" width=\"255\" height=\"140\" \/><\/a><a href=\"https:\/\/petrana-sabolek.net\/wp-content\/uploads\/2022\/02\/3P_20220226_193826_vHDR_Auto.jpg\">\u00a0<\/a><\/p>\n<p>&nbsp;<\/p>\n<p>&nbsp;<\/p>\n<p><a href=\"https:\/\/petrana-sabolek.net\/wp-content\/uploads\/2022\/02\/3P_20220226_193826_vHDR_Auto.jpg\">\u00a0 <\/a><\/p>\n<p>&nbsp;<\/p>\n","protected":false},"excerpt":{"rendered":"<p>Danas, kada je zbog pandemije i teku\u0107ih epidemiolo\u0161kih mjera ponuda kulturno-umjetni\u010dkih sadr\u017eaja posvuda gotovo presu\u0161ila, \u201eModernist nakladni\u0161tvo\u201c iz Vara\u017edina, svake posljednje subote u mjesecu, programom \u201eGalerija na otvorenom\u201c, nudi svojim sugra\u0111anima razne kulturno-umjetni\u010dke zanimljivosti. Na jednom od pro\u010delje Korza redaju se tako stari filmovi, izlo\u017ebe slika, predstavljaju se poznate li\u010dnosti i\/ili njihova djela, izranjaju vinjete [&hellip;]<\/p>\n","protected":false},"author":1,"featured_media":2171,"comment_status":"open","ping_status":"open","sticky":false,"template":"","format":"standard","meta":{"_et_pb_use_builder":"","_et_pb_old_content":"","_et_gb_content_width":"","footnotes":""},"categories":[7,9],"tags":[],"class_list":["post-2142","post","type-post","status-publish","format-standard","has-post-thumbnail","hentry","category-blog","category-novosti"],"_links":{"self":[{"href":"https:\/\/petrana-sabolek.net\/index.php\/wp-json\/wp\/v2\/posts\/2142","targetHints":{"allow":["GET"]}}],"collection":[{"href":"https:\/\/petrana-sabolek.net\/index.php\/wp-json\/wp\/v2\/posts"}],"about":[{"href":"https:\/\/petrana-sabolek.net\/index.php\/wp-json\/wp\/v2\/types\/post"}],"author":[{"embeddable":true,"href":"https:\/\/petrana-sabolek.net\/index.php\/wp-json\/wp\/v2\/users\/1"}],"replies":[{"embeddable":true,"href":"https:\/\/petrana-sabolek.net\/index.php\/wp-json\/wp\/v2\/comments?post=2142"}],"version-history":[{"count":22,"href":"https:\/\/petrana-sabolek.net\/index.php\/wp-json\/wp\/v2\/posts\/2142\/revisions"}],"predecessor-version":[{"id":2192,"href":"https:\/\/petrana-sabolek.net\/index.php\/wp-json\/wp\/v2\/posts\/2142\/revisions\/2192"}],"wp:featuredmedia":[{"embeddable":true,"href":"https:\/\/petrana-sabolek.net\/index.php\/wp-json\/wp\/v2\/media\/2171"}],"wp:attachment":[{"href":"https:\/\/petrana-sabolek.net\/index.php\/wp-json\/wp\/v2\/media?parent=2142"}],"wp:term":[{"taxonomy":"category","embeddable":true,"href":"https:\/\/petrana-sabolek.net\/index.php\/wp-json\/wp\/v2\/categories?post=2142"},{"taxonomy":"post_tag","embeddable":true,"href":"https:\/\/petrana-sabolek.net\/index.php\/wp-json\/wp\/v2\/tags?post=2142"}],"curies":[{"name":"wp","href":"https:\/\/api.w.org\/{rel}","templated":true}]}}