{"id":2207,"date":"2022-03-05T18:59:22","date_gmt":"2022-03-05T18:59:22","guid":{"rendered":"https:\/\/petrana-sabolek.net\/?p=2207"},"modified":"2023-03-02T18:53:57","modified_gmt":"2023-03-02T18:53:57","slug":"10-dan-rata-u-ukrajini-covjekoliki-necovjek","status":"publish","type":"post","link":"https:\/\/petrana-sabolek.net\/index.php\/2022\/03\/05\/10-dan-rata-u-ukrajini-covjekoliki-necovjek\/","title":{"rendered":"10. DAN RATA U UKRAJINI, &#8220;\u010cOVJEKOLIKI NE\u010cOVJEK&#8221;, PJESMA IZ POETSKOG RUKOPISA &#8220;NITI, SPONE, RELACIJE&#8221;"},"content":{"rendered":"<p><img loading=\"lazy\" decoding=\"async\" class=\"alignnone size-full wp-image-2226\" src=\"https:\/\/petrana-sabolek.net\/wp-content\/uploads\/2022\/03\/o_107342_1024.jpg\" alt=\"\" width=\"1024\" height=\"673\" srcset=\"https:\/\/petrana-sabolek.net\/wp-content\/uploads\/2022\/03\/o_107342_1024.jpg 1024w, https:\/\/petrana-sabolek.net\/wp-content\/uploads\/2022\/03\/o_107342_1024-980x644.jpg 980w, https:\/\/petrana-sabolek.net\/wp-content\/uploads\/2022\/03\/o_107342_1024-480x315.jpg 480w\" sizes=\"auto, (min-width: 0px) and (max-width: 480px) 480px, (min-width: 481px) and (max-width: 980px) 980px, (min-width: 981px) 1024px, 100vw\" \/><\/p>\n<p>Ve\u0107 21. stolje\u0107e a svijet jo\u0161 uvijek u zabludi &#8211; jo\u0161 vjeruje da \u010dovjekoliki ne\u010dovjek vi\u0161e ne postoji, da je odavno izumro, i zato sada s nevjericom prati kako se ovaj ve\u0107 deseti dan oholi svojom prepoznatljivom slikom surovosti, nehumanosti, bezobzirnosti, ne\u010dovje\u010dnosti, izopa\u010denosti, i da ne nabrajam dalje, jer ima jo\u0161, dok svojim jednako prepoznatljivim mumificiranim licem, iz svog kukavi\u010djeg gnijezda mirno broji \u017ertve svoje bestijalnosti.<\/p>\n<p>i neshvatljivo je da svijet ni danas, u 21. stolje\u0107u, ne uspijeva na vrijeme prepoznati tu bolest te dok jo\u0161 nije kasno otrgnuti joj iz ruku uzde kojima pote\u017ee za nos opstanak \u010ditavoga svijeta.<\/p>\n<p>I, \u0161to je naj\u017ealosnije, dana\u0161nji \u010dovjekoliki ne\u010dovjek nije jedini &#8211; povijest govori o \u010ditavoj plejadi jednakih, od Atile Bi\u010da Bo\u017ejeg, preko Napoleona i Hitlera do Milo\u0161evi\u0107a i ovog, dana\u0161njeg, ve\u0107 jednako omra\u017eenog imena<br \/>\nkoji, kao posljednji, jo\u0161 ima \u0161ansu spasiti svijet od osobne po\u0161asti.<\/p>\n<p>Dakako, pod uvjetom da polugom ili gumbom nuklearke ne potegne i onu, proro\u010dansku koja re\u010de: \u201eNe znam kako \u0107e izgledati tre\u0107i svjetski rat, no \u010detvrti \u0107e sigurno biti s kamenjem.&#8221;<\/p>\n","protected":false},"excerpt":{"rendered":"<p>Ve\u0107 21. stolje\u0107e a svijet jo\u0161 uvijek u zabludi &#8211; jo\u0161 vjeruje da \u010dovjekoliki ne\u010dovjek vi\u0161e ne postoji, da je odavno izumro, i zato sada s nevjericom prati kako se ovaj ve\u0107 deseti dan oholi svojom prepoznatljivom slikom surovosti, nehumanosti, bezobzirnosti, ne\u010dovje\u010dnosti, izopa\u010denosti, i da ne nabrajam dalje, jer ima jo\u0161, dok svojim jednako prepoznatljivim [&hellip;]<\/p>\n","protected":false},"author":1,"featured_media":2226,"comment_status":"open","ping_status":"open","sticky":false,"template":"","format":"standard","meta":{"_et_pb_use_builder":"","_et_pb_old_content":"","_et_gb_content_width":"","footnotes":""},"categories":[7,9,3],"tags":[],"class_list":["post-2207","post","type-post","status-publish","format-standard","has-post-thumbnail","hentry","category-blog","category-novosti","category-poezija"],"_links":{"self":[{"href":"https:\/\/petrana-sabolek.net\/index.php\/wp-json\/wp\/v2\/posts\/2207","targetHints":{"allow":["GET"]}}],"collection":[{"href":"https:\/\/petrana-sabolek.net\/index.php\/wp-json\/wp\/v2\/posts"}],"about":[{"href":"https:\/\/petrana-sabolek.net\/index.php\/wp-json\/wp\/v2\/types\/post"}],"author":[{"embeddable":true,"href":"https:\/\/petrana-sabolek.net\/index.php\/wp-json\/wp\/v2\/users\/1"}],"replies":[{"embeddable":true,"href":"https:\/\/petrana-sabolek.net\/index.php\/wp-json\/wp\/v2\/comments?post=2207"}],"version-history":[{"count":10,"href":"https:\/\/petrana-sabolek.net\/index.php\/wp-json\/wp\/v2\/posts\/2207\/revisions"}],"predecessor-version":[{"id":3589,"href":"https:\/\/petrana-sabolek.net\/index.php\/wp-json\/wp\/v2\/posts\/2207\/revisions\/3589"}],"wp:featuredmedia":[{"embeddable":true,"href":"https:\/\/petrana-sabolek.net\/index.php\/wp-json\/wp\/v2\/media\/2226"}],"wp:attachment":[{"href":"https:\/\/petrana-sabolek.net\/index.php\/wp-json\/wp\/v2\/media?parent=2207"}],"wp:term":[{"taxonomy":"category","embeddable":true,"href":"https:\/\/petrana-sabolek.net\/index.php\/wp-json\/wp\/v2\/categories?post=2207"},{"taxonomy":"post_tag","embeddable":true,"href":"https:\/\/petrana-sabolek.net\/index.php\/wp-json\/wp\/v2\/tags?post=2207"}],"curies":[{"name":"wp","href":"https:\/\/api.w.org\/{rel}","templated":true}]}}