{"id":2213,"date":"2022-03-05T18:08:51","date_gmt":"2022-03-05T18:08:51","guid":{"rendered":"https:\/\/petrana-sabolek.net\/?p=2213"},"modified":"2022-03-05T18:08:51","modified_gmt":"2022-03-05T18:08:51","slug":"nedovrsena-prica","status":"publish","type":"post","link":"https:\/\/petrana-sabolek.net\/index.php\/2022\/03\/05\/nedovrsena-prica\/","title":{"rendered":"NEDOVR\u0160ENA PRI\u010cA"},"content":{"rendered":"<p>Ishodi\u0161no mjesto<br \/>\n\u201eKaffe\u201c u centru &#8211;<br \/>\nnajlogi\u010dnija adresa<br \/>\nza jo\u0161 jedan susret.<\/p>\n<p>Interijer stari<br \/>\nkonobari novi<br \/>\nponuda pro\u0161irena &#8211;<br \/>\ntrenutno na meniju<br \/>\n\u201eLagana ve\u010dera za dvoje\u201c<br \/>\na uz ve\u010deru i \u017euti mu\u0161kat<br \/>\nkao dodatni pe\u010dat<br \/>\nnezaboravnom vremenu.<\/p>\n<p>I nema gledanja ispod oka<br \/>\nnema preispitivanja krivnje<br \/>\nnema nedoli\u010dnih<br \/>\ngrubih rije\u010di<br \/>\nnema \u010dak ni neugodne ti\u0161ine &#8211;<br \/>\nprije\u010di ju o\u010dekivano<br \/>\nuvjerljivo laganje samima sebi<br \/>\nda ne postoji potreba<br \/>\njo\u0161 manje te\u017enja<br \/>\nza promjenama. <\/p>\n<p>Ugodna atmosfera<br \/>\nbudi sje\u0107anja<br \/>\nra\u0111a pritajene osmijehe<br \/>\ni opet<br \/>\nkao nekada<br \/>\nvedar<br \/>\nrazdragan smijeh. <\/p>\n<p>I nalik nevidljivoj proljetnoj cvatnji<br \/>\nu zraku titra pitanje:<br \/>\ntraje li i ovdje<br \/>\nza stolom<br \/>\njo\u0161 uvijek<br \/>\n\u017eeljena \u201ecvatnja\u201c?<\/p>\n<p>Ocvala sigurno nije<br \/>\njer \u010dak i preduga ve\u010dera<br \/>\nprodu\u017eena \u010dak jo\u0161 jednom kavom<br \/>\npostaje prekratka za odluku:<br \/>\nustati od stola i produ\u017eiti svojim putem<br \/>\nili ostati<br \/>\nodnosno<br \/>\nima li uop\u0107e smisla nastaviti i dalje<br \/>\njedno bez drugoga?<\/p>\n","protected":false},"excerpt":{"rendered":"<p>Ishodi\u0161no mjesto \u201eKaffe\u201c u centru &#8211; najlogi\u010dnija adresa za jo\u0161 jedan susret. Interijer stari konobari novi ponuda pro\u0161irena &#8211; trenutno na meniju \u201eLagana ve\u010dera za dvoje\u201c a uz ve\u010deru i \u017euti mu\u0161kat kao dodatni pe\u010dat nezaboravnom vremenu. I nema gledanja ispod oka nema preispitivanja krivnje nema nedoli\u010dnih grubih rije\u010di nema \u010dak ni neugodne ti\u0161ine &#8211; [&hellip;]<\/p>\n","protected":false},"author":1,"featured_media":2216,"comment_status":"open","ping_status":"open","sticky":false,"template":"","format":"standard","meta":{"_et_pb_use_builder":"","_et_pb_old_content":"","_et_gb_content_width":"","footnotes":""},"categories":[7,3],"tags":[],"class_list":["post-2213","post","type-post","status-publish","format-standard","has-post-thumbnail","hentry","category-blog","category-poezija"],"_links":{"self":[{"href":"https:\/\/petrana-sabolek.net\/index.php\/wp-json\/wp\/v2\/posts\/2213","targetHints":{"allow":["GET"]}}],"collection":[{"href":"https:\/\/petrana-sabolek.net\/index.php\/wp-json\/wp\/v2\/posts"}],"about":[{"href":"https:\/\/petrana-sabolek.net\/index.php\/wp-json\/wp\/v2\/types\/post"}],"author":[{"embeddable":true,"href":"https:\/\/petrana-sabolek.net\/index.php\/wp-json\/wp\/v2\/users\/1"}],"replies":[{"embeddable":true,"href":"https:\/\/petrana-sabolek.net\/index.php\/wp-json\/wp\/v2\/comments?post=2213"}],"version-history":[{"count":4,"href":"https:\/\/petrana-sabolek.net\/index.php\/wp-json\/wp\/v2\/posts\/2213\/revisions"}],"predecessor-version":[{"id":2218,"href":"https:\/\/petrana-sabolek.net\/index.php\/wp-json\/wp\/v2\/posts\/2213\/revisions\/2218"}],"wp:featuredmedia":[{"embeddable":true,"href":"https:\/\/petrana-sabolek.net\/index.php\/wp-json\/wp\/v2\/media\/2216"}],"wp:attachment":[{"href":"https:\/\/petrana-sabolek.net\/index.php\/wp-json\/wp\/v2\/media?parent=2213"}],"wp:term":[{"taxonomy":"category","embeddable":true,"href":"https:\/\/petrana-sabolek.net\/index.php\/wp-json\/wp\/v2\/categories?post=2213"},{"taxonomy":"post_tag","embeddable":true,"href":"https:\/\/petrana-sabolek.net\/index.php\/wp-json\/wp\/v2\/tags?post=2213"}],"curies":[{"name":"wp","href":"https:\/\/api.w.org\/{rel}","templated":true}]}}