{"id":2230,"date":"2022-03-07T15:41:02","date_gmt":"2022-03-07T15:41:02","guid":{"rendered":"https:\/\/petrana-sabolek.net\/?p=2230"},"modified":"2022-03-07T15:41:02","modified_gmt":"2022-03-07T15:41:02","slug":"s-druge-strane-stratista","status":"publish","type":"post","link":"https:\/\/petrana-sabolek.net\/index.php\/2022\/03\/07\/s-druge-strane-stratista\/","title":{"rendered":"S DRUGE STRANE STRATI\u0160TA"},"content":{"rendered":"<p><img loading=\"lazy\" decoding=\"async\" class=\"alignleft wp-image-2223\" src=\"https:\/\/petrana-sabolek.net\/wp-content\/uploads\/2022\/03\/befunky-collage-20220224155930-300x169.jpg\" alt=\"\" width=\"443\" height=\"250\" \/>Dvanaesti je dan u ratom pogo\u0111enoj Ukrajini. Prtljam ne\u0161to po ku\u0107i, no pogled se uporno okre\u0107e TV ekranu na kojem se smjenjuju razru\u0161eni Kijev, Harkiv, Herson, Melitopolj i drugi ukrajinski gradovi. Razru\u0161eni,manje ili vi\u0161e,svaki je slikom \u010dudesno nalik slici na\u0161eg zarobljenog Vukovara iz 1991. godine. Sirene za uzbunu kao da su mi u sobi, neprekidna pucnjava tako\u0111er, i maknula bih se od svega toga, pa ve\u0107 i krenem, no svako malo me iznova trgne ne\u0161to poznato: groblje ruskih vojnih vozila &#8211; na\u0161a povijesna Trpinjska cesta; iz eskadrile u zraku ispada jedan pogo\u0111eni avion pa uz ushit, na ukrajinskom, u smislu, \u201eJedan je pao!\u201c, ja \u010dujem i ono, na\u0161e, s hrvatskog boji\u0161ta: \u201ePala su oba!\u201c Kolone \u017eena i djece i bijegu, stari, nemo\u0107ni i bolesni po podrumima, nu\u017enom skloni\u0161tu, \u010dekaju najneophodnije za pre\u017eivljavanje &#8211; humanitarnu pomo\u0107 koja nikako ne sti\u017ee. \u010cekaju kao \u0161to smo i mi \u010dekali da sirene za opasnost utihnu.<\/p>\n<p>I dok sam u mislima tamo, na tom sramotnom strati\u0161tu 21. stolje\u0107a, ne mogu zaobi\u0107i agresoru. NI ovaj, naime, kao ni njegovi povijesni prethodnici, ne shva\u0107a da vodi rat gubitnika. Specijalne vojne operacije na tu\u0111em teritoriju danas se nazivaju ratom, a njihov vinovnik agresorom. Ako to jo\u0161 nije shvatio, shvatit \u0107e ubrzo. Poku\u0161ajem aneksije Ukrajine\u00a0 ruska vrhu\u0161ka je otkrila svoje pravo lice i time ostala (ostaje) napu\u0161tena od ostatka svijeta. \u010ceka se jo\u0161 samo da ju napusti i vlastiti, ruski narod. No \u010dekanje \u0107e biti uzaludno; kroz zatvorena vrata svijeta ne\u0107e mo\u0107i te mu i ope ostaju samo &#8220;sibirska&#8221; &#8211; dodatno otvorena najnovijim represijskim mjerama &#8220;odmazde i verbalnog delikta.<\/p>\n<p>I kao da mi \u010dita misli <em>Indeks.hr<\/em> podbode me naslovom iz teksta Petra Sto\u0161i\u0107a od 18.2.2022., cit.: \u201e\u0160to to sad Putin izvodi s Ukrajinom? Ono \u0161to je Milo\u0161evi\u0107 radio Hrvatskoj 1991.&#8221; E, da, ka\u017eem u sebi, moje asocijacije ratom u Ukrajini nisu slu\u010dajne.<\/p>\n<p>I najednom me sje\u0107anje vra\u0107a u jednu od tih, nesretnih 1990-tih, to\u010dnije u 1991. godinu, u kojoj kao pravnica \u010dakove\u010dke bolnice, tada\u0161njeg Medicinskog centra \u010cakovec, punih ruku papira hodam po odjelima prepunim neo\u010dekivanih pacijenata. Stradalnici domovinskog rata, na sekundarnom medicinskom zbrinjavanju u toj, na\u0161oj, pozadinskoj bolnici, nakon primarne obrade u ve\u0107im gradovima, ve\u0107inom u Zagrebu, le\u017ee i na ginekologiji i na dje\u010djem odjelu &#8211; prepoznaje ih se po jednakom strahu u o\u010dima i patnji na licu.<\/p>\n<p>Mi\u0161ljenje dr. Borisa Jerbi\u0107a, rukovoditelja neuropsihijatrijskog odjela bolnice, da je uz medicinsku i rehabilitacijsku pomo\u0107 stradalnicima potrebna i psiholo\u0161ka, nailazi na op\u0107e odobravanje pa MC\u010c kre\u0107e s izdavanjem informativnog glasila, \u201eHerkul\u201c. A\u017euriranim popisom novo zaprimljenih pacijenata bilo bi im omogu\u0107eno lak\u0161e me\u0111usobno povezivanje, dru\u017eenje i dr., informacijama o trenutnoj ratnoj situaciji kao i aktivnostima na ubla\u017eavanju posljedica rata ne bi ostajali u neizvjesnosti u pogledu teku\u0107e situacije na terenu, a objavljivanjem u glasilu njihovih misli, pjesama, crte\u017ea, anegdota i dr. pokrenuo bi im se i duh &#8211; dobili bi novu snagu za lak\u0161e premo\u0161\u0107ivanje pro\u017eivljenih ratnih strahota.<\/p>\n<p>\u201eHerkul\u201c, je, naime trebao biti ta, snaga. A da je i bio pokazalo se\u00a0 ve\u0107 s prvim brojem. Prilozi su stizali sa svih odjela i izvan bolnice pa sam ja, kao zamjenica glavnog urednika, dr. Jerbi\u0107a,\u00a0 jedva stizala pregledati ih i obraditi, dobivene podatke a\u017eurirati, list urediti i oblikovati te se pobrinuti za njegov prijelom, tisak i distribuciju. Naravno da o nekim poslovima nisam imala pojma, u kom smislu se pomo\u0107 redakcije lista \u201eMe\u0111imurje\u201c, osobito suradnika Miodraga Kuhara, pokazala nezamjenljivom. U svakom slu\u010daju, moj rad na &#8220;Herkulu&#8221;, iako obveza, bio je i osobiti izazov, \u010dak stanovita \u010dast pa su i sve te\u0161ko\u0107e s kojima sam se u tom radu susretala dodatno samo podgrijavale moj osje\u0107aj da i sama doprinosim br\u017eem oporavku stradalih kao i samom prestanku daljnjeg ratnog stradavanja.<\/p>\n<p>I mo\u017eda upravo stoga \u0161to i nakon 30 neratnih godina dana\u0161nji rat u Ukrajini pokazuje jednako nepromijenjeno, porazno i sramotno, u\u017easavaju\u0107e lice civilizacije, zaklju\u010dujem da svi ratovi imaju jednako izvori\u0161te: u kolektivnom ludilu agresorske klike. A ako je tome tako, ne upu\u0161taju\u0107i se, dakle, dublje u medicinsku dijagnozu, pitanje, nama, ostalima, trenutno s druge strane strati\u0161ta: imamo li pravo na bahatost za olako biranje onih koji bi trebali biti najodgovorniji za na\u0161e \u017eivote, za sudbnu naroda kojem pripadamo, za budu\u0107nost na\u0161e djece i daljnjeg pokoljenja? I imamo li<em> a conto<\/em> toga pravo na operost? Po meni, nemamo! Nemamo \u010dak ni pozivom na onu, jednu, od sedam posljednjih Isusovih izjava s kri\u017ea: \u201eO\u010de, oprosti im, ne znaju \u0161to \u010dine.\u201c (2\/7). \u0160tovi\u0161e, nemamo pravo ni na gurnanje glave u pijesak, u smislu, da nas se to ne ti\u010de. Naprotiv, ti\u010de nas se, ti\u010de, itekako.<\/p>\n<p>&nbsp;<\/p>\n<p>&nbsp;<\/p>\n","protected":false},"excerpt":{"rendered":"<p>Dvanaesti je dan u ratom pogo\u0111enoj Ukrajini. Prtljam ne\u0161to po ku\u0107i, no pogled se uporno okre\u0107e TV ekranu na kojem se smjenjuju razru\u0161eni Kijev, Harkiv, Herson, Melitopolj i drugi ukrajinski gradovi. Razru\u0161eni,manje ili vi\u0161e,svaki je slikom \u010dudesno nalik slici na\u0161eg zarobljenog Vukovara iz 1991. godine. Sirene za uzbunu kao da su mi u sobi, neprekidna [&hellip;]<\/p>\n","protected":false},"author":1,"featured_media":2231,"comment_status":"open","ping_status":"open","sticky":false,"template":"","format":"gallery","meta":{"_et_pb_use_builder":"","_et_pb_old_content":"","_et_gb_content_width":"","footnotes":""},"categories":[7,4],"tags":[],"class_list":["post-2230","post","type-post","status-publish","format-gallery","has-post-thumbnail","hentry","category-blog","category-proza","post_format-post-format-gallery"],"_links":{"self":[{"href":"https:\/\/petrana-sabolek.net\/index.php\/wp-json\/wp\/v2\/posts\/2230","targetHints":{"allow":["GET"]}}],"collection":[{"href":"https:\/\/petrana-sabolek.net\/index.php\/wp-json\/wp\/v2\/posts"}],"about":[{"href":"https:\/\/petrana-sabolek.net\/index.php\/wp-json\/wp\/v2\/types\/post"}],"author":[{"embeddable":true,"href":"https:\/\/petrana-sabolek.net\/index.php\/wp-json\/wp\/v2\/users\/1"}],"replies":[{"embeddable":true,"href":"https:\/\/petrana-sabolek.net\/index.php\/wp-json\/wp\/v2\/comments?post=2230"}],"version-history":[{"count":21,"href":"https:\/\/petrana-sabolek.net\/index.php\/wp-json\/wp\/v2\/posts\/2230\/revisions"}],"predecessor-version":[{"id":2267,"href":"https:\/\/petrana-sabolek.net\/index.php\/wp-json\/wp\/v2\/posts\/2230\/revisions\/2267"}],"wp:featuredmedia":[{"embeddable":true,"href":"https:\/\/petrana-sabolek.net\/index.php\/wp-json\/wp\/v2\/media\/2231"}],"wp:attachment":[{"href":"https:\/\/petrana-sabolek.net\/index.php\/wp-json\/wp\/v2\/media?parent=2230"}],"wp:term":[{"taxonomy":"category","embeddable":true,"href":"https:\/\/petrana-sabolek.net\/index.php\/wp-json\/wp\/v2\/categories?post=2230"},{"taxonomy":"post_tag","embeddable":true,"href":"https:\/\/petrana-sabolek.net\/index.php\/wp-json\/wp\/v2\/tags?post=2230"}],"curies":[{"name":"wp","href":"https:\/\/api.w.org\/{rel}","templated":true}]}}