{"id":2704,"date":"2022-04-26T10:14:34","date_gmt":"2022-04-26T10:14:34","guid":{"rendered":"https:\/\/petrana-sabolek.net\/?p=2704"},"modified":"2022-04-26T10:14:52","modified_gmt":"2022-04-26T10:14:52","slug":"tko-zna","status":"publish","type":"post","link":"https:\/\/petrana-sabolek.net\/index.php\/2022\/04\/26\/tko-zna\/","title":{"rendered":"TKO ZNA"},"content":{"rendered":"<p><img loading=\"lazy\" decoding=\"async\" src=\"https:\/\/petrana-sabolek.net\/wp-content\/uploads\/2022\/04\/kava32.jpg\" alt=\"\" width=\"700\" height=\"499\" class=\"alignnone size-full wp-image-2707\" srcset=\"https:\/\/petrana-sabolek.net\/wp-content\/uploads\/2022\/04\/kava32.jpg 700w, https:\/\/petrana-sabolek.net\/wp-content\/uploads\/2022\/04\/kava32-480x342.jpg 480w\" sizes=\"auto, (min-width: 0px) and (max-width: 480px) 480px, (min-width: 481px) 700px, 100vw\" \/> <\/p>\n<p>Izvuklo nas proljetno sunce iz svojih nastambi poput gu\u0161tera pa ve\u0107 i sama na jednoj od prepunih osun\u010danih terasa sjedim uz kavu i razmi\u0161ljam. I najednom misao: jo\u0161 sam tu, a kao da nisam, kao da me nema. A vidim narod: mimohodi \u0161arena odje\u0107a za velike i male, u dje\u010djoj ruci igra\u010dka, a u rukama odraslih povodac sa pse\u0107im ljubimcima. No ni ta \u017eivost ne mijenja osje\u0107aj melankolije ili potonu\u0107a, osje\u0107aj neke unutarnje ispijenosti \u0161to \u010dovjeka nevoljko pretvara u praznu ko\u0161uljicu kukca. Zakamuflirana la\u017eno-sretnim osmijehom ostavljam ga nesklonjivog na licu nesvjesna da ba\u0161 tom nesklonjivo\u0161\u0107u postaje upadljiviji od ostalih. Diskretnim pogledom lijevo-desno uo\u010davam ga i na brojnim drugim licima i zaklju\u010dujem da nas ba\u0161 ima: samih, za svojim stolom, u dru\u0161tvu samo sa svojom kavom i tim svojim osmijehom. I pitam se tko zna koliko nas je takvih na \u010ditavoj kugli zemaljskoj. A i pitanje gdje je nebu granica i ho\u0107e li biti i na njem&#8217; dovoljno mjesta za sve du\u0161e koje \u0107e jo\u0161 do\u0107i k onima \u0161to ve\u0107 oti\u0161le pa mo\u017eda ba\u0161 sada i same, poput nas, na svojim terasama, gore, ispijaju svoj nebeski eliksir.<\/p>\n","protected":false},"excerpt":{"rendered":"<p>Izvuklo nas proljetno sunce iz svojih nastambi poput gu\u0161tera pa ve\u0107 i sama na jednoj od prepunih osun\u010danih terasa sjedim uz kavu i razmi\u0161ljam. I najednom misao: jo\u0161 sam tu, a kao da nisam, kao da me nema. A vidim narod: mimohodi \u0161arena odje\u0107a za velike i male, u dje\u010djoj ruci igra\u010dka, a u rukama [&hellip;]<\/p>\n","protected":false},"author":1,"featured_media":2707,"comment_status":"open","ping_status":"open","sticky":false,"template":"","format":"gallery","meta":{"_et_pb_use_builder":"","_et_pb_old_content":"","_et_gb_content_width":"","footnotes":""},"categories":[7,4],"tags":[],"class_list":["post-2704","post","type-post","status-publish","format-gallery","has-post-thumbnail","hentry","category-blog","category-proza","post_format-post-format-gallery"],"_links":{"self":[{"href":"https:\/\/petrana-sabolek.net\/index.php\/wp-json\/wp\/v2\/posts\/2704","targetHints":{"allow":["GET"]}}],"collection":[{"href":"https:\/\/petrana-sabolek.net\/index.php\/wp-json\/wp\/v2\/posts"}],"about":[{"href":"https:\/\/petrana-sabolek.net\/index.php\/wp-json\/wp\/v2\/types\/post"}],"author":[{"embeddable":true,"href":"https:\/\/petrana-sabolek.net\/index.php\/wp-json\/wp\/v2\/users\/1"}],"replies":[{"embeddable":true,"href":"https:\/\/petrana-sabolek.net\/index.php\/wp-json\/wp\/v2\/comments?post=2704"}],"version-history":[{"count":3,"href":"https:\/\/petrana-sabolek.net\/index.php\/wp-json\/wp\/v2\/posts\/2704\/revisions"}],"predecessor-version":[{"id":2709,"href":"https:\/\/petrana-sabolek.net\/index.php\/wp-json\/wp\/v2\/posts\/2704\/revisions\/2709"}],"wp:featuredmedia":[{"embeddable":true,"href":"https:\/\/petrana-sabolek.net\/index.php\/wp-json\/wp\/v2\/media\/2707"}],"wp:attachment":[{"href":"https:\/\/petrana-sabolek.net\/index.php\/wp-json\/wp\/v2\/media?parent=2704"}],"wp:term":[{"taxonomy":"category","embeddable":true,"href":"https:\/\/petrana-sabolek.net\/index.php\/wp-json\/wp\/v2\/categories?post=2704"},{"taxonomy":"post_tag","embeddable":true,"href":"https:\/\/petrana-sabolek.net\/index.php\/wp-json\/wp\/v2\/tags?post=2704"}],"curies":[{"name":"wp","href":"https:\/\/api.w.org\/{rel}","templated":true}]}}