{"id":2789,"date":"2022-05-11T07:59:03","date_gmt":"2022-05-11T07:59:03","guid":{"rendered":"https:\/\/petrana-sabolek.net\/?p=2789"},"modified":"2023-03-02T14:01:28","modified_gmt":"2023-03-02T14:01:28","slug":"uz-9-i-10-svibnja-svjetski-dan-ptica-selica-prica-s-pticjeg-dlana","status":"publish","type":"post","link":"https:\/\/petrana-sabolek.net\/index.php\/2022\/05\/11\/uz-9-i-10-svibnja-svjetski-dan-ptica-selica-prica-s-pticjeg-dlana\/","title":{"rendered":"UZ 9. i 10. SVIBNJA, SVJETSKI DAN PTICA SELICA, &#8220;PRI\u010cA S PTI\u010cJEG DLANA&#8221; IZ RUKOPISA &#8220;PRI\u010cE ZA NAJ DJE\u010cJE UHO&#8221;"},"content":{"rendered":"<p><img loading=\"lazy\" decoding=\"async\" class=\"alignnone size-full wp-image-2795\" src=\"https:\/\/petrana-sabolek.net\/wp-content\/uploads\/2022\/05\/ptice-selice.jpg\" alt=\"\" width=\"1024\" height=\"668\" srcset=\"https:\/\/petrana-sabolek.net\/wp-content\/uploads\/2022\/05\/ptice-selice.jpg 1024w, https:\/\/petrana-sabolek.net\/wp-content\/uploads\/2022\/05\/ptice-selice-980x639.jpg 980w, https:\/\/petrana-sabolek.net\/wp-content\/uploads\/2022\/05\/ptice-selice-480x313.jpg 480w\" sizes=\"auto, (min-width: 0px) and (max-width: 480px) 480px, (min-width: 481px) and (max-width: 980px) 980px, (min-width: 981px) 1024px, 100vw\" \/><\/p>\n<p>\u201eBok, \u0107ao, zbogom, dovi\u0111enja, izaberite po \u017eelji, ja vas napu\u0161tam zauvijek.\u201c dobacila je Kapljica Ki\u0161e svojim prijateljicama pa ne \u010dekaju\u0107i \u0161to \u0107e uzvratiti skliznula s oblaka.<\/p>\n<p>Prijateljice, me\u0111utim, nisu uzvratile. Kroz maglu oblaka nisu ju ni \u010dule pa je Kapljica oti\u0161la bez pozdrava. No u\u010das je srela novu prijateljicu, Lastavicu.<\/p>\n<p>\u201eHej, Kapljice, zar \u0107e ki\u0161a?\u201c zapitala je Lastavica.<\/p>\n<p>\u201eNe\u0107e, ne mora\u0161 brinuti. Ki\u0161u ne \u010dini jedna kap, a samo sam ja u zraku.\u201c odgovorila je Kapljica.<\/p>\n<p>\u201eA za\u0161to si sama?\u201c<\/p>\n<p>\u201eZato \u0161to je mojim prijateljicama ljep\u0161e \u010du\u010dati na oblaku nego letjeti zrakom.\u201c<\/p>\n<p>\u201eAli ti ne leti\u0161, ti pada\u0161!\u201c<\/p>\n<p>\u201eDa, na\u017ealost, padam. Nemam krila.\u201c<\/p>\n<p>\u201eOh, pa mo\u017ee\u0161 sa mnom! Ja \u0107u te rado povesti u \u010darobni prelet nebom.\u201c ponudi se Lastavica.<\/p>\n<p>\u201eHvala, Lastavice, no to ne bi i\u0161lo. Ti nema\u0161 ruke pa me ne mo\u017ee\u0161 dr\u017eati \u0161to zna\u010di da bih ja i opet zavr\u0161ila u zraku i nastavila padati.\u201c s uzdahom \u0107e Kapljica.<\/p>\n<p>\u201eOlako zaklju\u010duje\u0161, Kapljice.\u201c bila je uporna Lastavica. \u201eO\u010dito ne zna\u0161 za malu udubinu izme\u0111u pti\u010djih krila dovoljno prostranu da se u njoj udobno smjesti\u0161 i bude\u0161 \u010duvana u letu kao malo vode na dlanu.\u201c<\/p>\n<p>\u201eHo\u0107e\u0161 re\u0107i da i ptice imaju dlan?\u201c s \u010du\u0111enjem \u0107e Ki\u0161na Kap.<\/p>\n<p>\u201eMo\u017ee\u0161 to i tako nazvati. U svakom slu\u010daju sa mnom mo\u017ee\u0161 mirne du\u0161e kamo si naumila.\u201c uzvrati Lastavica.<\/p>\n<p>\u201eHvala, draga pti\u010dice, lijepo je \u0161to mi \u017eeli\u0161 pomo\u0107i, no ima jo\u0161 jedna stvar: ja sam za tebe stranac, a sa strancima se ne kru\u017ei uokolo.\u201c<\/p>\n<p>\u201eMa, kakav stranac, Kapljice? Pa ti si voda! Biserna kaplja za kojom vapi \u010ditav svijet!\u201c<\/p>\n<p>\u201ePretjeruje\u0161, Lastavice. Ja znam da sam kao voda potrebna svima, no da se ba\u0161 toliko vapi za mnom, ne bih rekla.\u201c<\/p>\n<p>\u201eEto, vidi\u0161, razlog vi\u0161e da krenemo zajedno i uvjeri\u0161 se da nisi u pravu.\u201c uzvratila je Lastavica pa spustiv\u0161i se ispod Kapljice i prihvativ\u0161i je na svoj &#8220;pti\u010dji dlan&#8221; zamaha krilima put nepoznatih krajeva.<\/p>\n<p>Smje\u0161tena kao na kraljevskom tronu promatrala je Kapljica s \u010du\u0111enjem zemlju ponad koje su letjele. Svakog trena izgledala je druga\u010dije i Kapljica nije mogla vjerovati kako se brzo mijenja. Nadolaze\u0107i krajolici imali su sve manje \u0161uma i zelenih polja, potom i sve manje ostalog raslinja dok najednom pod njima vi\u0161e nije bilo ni\u010deg, osim pijeska.<\/p>\n<p>\u201eSad smo iznad pustinje!\u201c objasnila je Lastavica Kapljici, no Kapljica nije rekla ni rije\u010d. Nije joj se svidio prizor u kojem se pustinjski vjetar ludo zabavljao bacaju\u0107i vreli pustinjski pijesak po \u0161a\u010dici nedu\u017enog svijeta. Tko zna otkad su stajali sred pje\u0161\u010danih dina i vape\u0107i za ki\u0161om mole\u0107ivo dizali ruke k nebu.<\/p>\n<p>\u201eStani, Lastavice!\u201c najednom \u0107e uzrujano, Kapljica. \u201eOvo je stra\u0161no, ovo je nepravda kakve nema! Ocean se razbacuje vodom, moje prijateljice na oblaku zijevaju od dosade, a ovaj svijet u pustinji umire bez vode! Bahat ocean, bahate moje prijateljice, no tako vi\u0161e ne\u0107e biti &#8211; pa valjda i ja imam nekakvu mo\u0107?!\u201c ljuto \u0107e Kapljica i istom odrje\u0161ito povika prema nebu.<\/p>\n<p>\u201eHej, Ki\u0161ni Vjetre, \u010duje\u0161 li me? Razvij jedra i odmah kreni prema meni! Donesi ki\u0161e koliko najvi\u0161e mo\u017ee\u0161 i spusti je put mojega glasa &#8211; ponad \u010ditave pustinje! Jesi li me razumio?\u201c<\/p>\n<p>Odgovora nije bilo, no u\u010das \u0107e Lastavica, s nevjericom.<\/p>\n<p>\u201eOh, pa ti uistinu ima\u0161 mo\u0107, Kapljice!\u201c rekla je ne skrivaju\u0107i \u010du\u0111enje. Veliki crni oblaci ki\u0161e ve\u0107 su se opasno rojili pustinjskim nebom.<\/p>\n<p>\u201eKi\u0161a \u0107e! Ki\u0161a, ki\u0161a! Ljudi, gledajte, po\u010dinje padati!\u201c povikao je presretan pustinjski narod, razdragano kli\u010du\u0107i ki\u0161i \u0161to se istom sru\u010dila s neba.<\/p>\n<p>\u201e\u010cestitam, Kapljice, u\u010dinila si krasnu stvar!\u201c s divljenjem \u0107e Lastavica.<\/p>\n<p>\u201eU\u010dinile smo to zajedno. Da nije bilo tebe ja nikad ne bih doznala za su\u0161ne krajeve poput ove pustinje.\u201c<\/p>\n<p>\u201eA ja ne bih znala za tvoju mo\u0107 kakva je upravo potrebna moj potoku. \u010cesto presu\u0161i, a tada ni jedna pti\u010dica ne\u0107e ni zastaviti kraj njega, a kamoli mu zapjevati kao \u0161to pjevaju kad im pod no\u017eicama \u017eubori voda.\u201c<\/p>\n<p>\u201eOh, pa onda vi\u0161e nemamo \u0161to \u010dekati &#8211; krenimo k potoku.\u201c<\/p>\n<p>\u201eKrasno! Nastavljamo, zna\u010di, u istom pravcu.\u201c<\/p>\n<p>\u201eA kamo ti \u017euri\u0161?\u201c<\/p>\n<p>\u201e\u017durim u krajeve u kojima sam se ve\u0107 odavna morala pojaviti. Ja Lastavica, vjesnik sam prolje\u0107a i zato me uvijek \u010dekaju s velikim nestrpljenjem. Dozivaju me kao \u0161to pustinjski narod doziva ki\u0161u.\u201c<\/p>\n<p>\u201eOh pa onda stvarno moramo po\u017euriti. Zato predla\u017eem da nastavimo s Vjetrom. Sti\u017ee kao naru\u010den, a na njegovim \u0107emo \u201ekrilima\u201c sti\u0107i dok lupi\u0161 dlanom o dlan.\u201c<\/p>\n<p>I tako je i bilo. Lastavica se jo\u0161 nije ni sna\u0161la, a ve\u0107 je morala napustiti vjetrova krila. \u201ePa ve\u0107 smo stigle. Ispod nas je moj potok.\u201c veselo je kliknula.<\/p>\n<p>\u201eOdli\u010dno, onda i ja silazim.\u201c uzvrati je Kapljica pa dok je Lastavica \u017eurno nastavila k svojem lastavi\u010djem gnijezdu, kako bi pokazala svijetu da dolazi prolje\u0107e, dotle je Kapljica iz svojih skrivenih ki\u0161nih rezervoara ispunila potok vodom. \u017dubor potoka u\u010das je dozvao na pojilo jato ptica, me\u0111u kojima se zakratko na\u0161la i Lastavica.<\/p>\n<p>\u201eOh, kakva \u010dudesna pti\u010dja galama! To je sigurno tvoja zasluga, Kapljice.\u201c veselo \u0107e Lastavica umjesto pozdrava.<\/p>\n<p>\u201eSamo mali znak pa\u017enje za moje prvo \u010darobno prelijetanje zrakom na pti\u010djem dlanu.\u201c<\/p>\n<p>\u201eMa bila mi je \u010dast, Kapljice\u201c, uzvratila je Lastavica, \u201e\u010dekaj me u potoku pa sutra nastavljamo dalje. Tko zna tko nas jo\u0161 sve \u017eeljno o\u010dekuje.\u201c<\/p>\n<p>\u201eDogovoreno, nastavljamo sutra.\u201c<\/p>\n<p>&nbsp;<\/p>\n","protected":false},"excerpt":{"rendered":"<p>\u201eBok, \u0107ao, zbogom, dovi\u0111enja, izaberite po \u017eelji, ja vas napu\u0161tam zauvijek.\u201c dobacila je Kapljica Ki\u0161e svojim prijateljicama pa ne \u010dekaju\u0107i \u0161to \u0107e uzvratiti skliznula s oblaka. Prijateljice, me\u0111utim, nisu uzvratile. Kroz maglu oblaka nisu ju ni \u010dule pa je Kapljica oti\u0161la bez pozdrava. No u\u010das je srela novu prijateljicu, Lastavicu. \u201eHej, Kapljice, zar \u0107e ki\u0161a?\u201c [&hellip;]<\/p>\n","protected":false},"author":1,"featured_media":2796,"comment_status":"open","ping_status":"open","sticky":false,"template":"","format":"gallery","meta":{"_et_pb_use_builder":"","_et_pb_old_content":"","_et_gb_content_width":"","footnotes":""},"categories":[7,11,4,6],"tags":[],"class_list":["post-2789","post","type-post","status-publish","format-gallery","has-post-thumbnail","hentry","category-blog","category-djecji_blok","category-proza","category-uz-dan","post_format-post-format-gallery"],"_links":{"self":[{"href":"https:\/\/petrana-sabolek.net\/index.php\/wp-json\/wp\/v2\/posts\/2789","targetHints":{"allow":["GET"]}}],"collection":[{"href":"https:\/\/petrana-sabolek.net\/index.php\/wp-json\/wp\/v2\/posts"}],"about":[{"href":"https:\/\/petrana-sabolek.net\/index.php\/wp-json\/wp\/v2\/types\/post"}],"author":[{"embeddable":true,"href":"https:\/\/petrana-sabolek.net\/index.php\/wp-json\/wp\/v2\/users\/1"}],"replies":[{"embeddable":true,"href":"https:\/\/petrana-sabolek.net\/index.php\/wp-json\/wp\/v2\/comments?post=2789"}],"version-history":[{"count":7,"href":"https:\/\/petrana-sabolek.net\/index.php\/wp-json\/wp\/v2\/posts\/2789\/revisions"}],"predecessor-version":[{"id":3551,"href":"https:\/\/petrana-sabolek.net\/index.php\/wp-json\/wp\/v2\/posts\/2789\/revisions\/3551"}],"wp:featuredmedia":[{"embeddable":true,"href":"https:\/\/petrana-sabolek.net\/index.php\/wp-json\/wp\/v2\/media\/2796"}],"wp:attachment":[{"href":"https:\/\/petrana-sabolek.net\/index.php\/wp-json\/wp\/v2\/media?parent=2789"}],"wp:term":[{"taxonomy":"category","embeddable":true,"href":"https:\/\/petrana-sabolek.net\/index.php\/wp-json\/wp\/v2\/categories?post=2789"},{"taxonomy":"post_tag","embeddable":true,"href":"https:\/\/petrana-sabolek.net\/index.php\/wp-json\/wp\/v2\/tags?post=2789"}],"curies":[{"name":"wp","href":"https:\/\/api.w.org\/{rel}","templated":true}]}}