{"id":2908,"date":"2022-05-21T16:21:11","date_gmt":"2022-05-21T16:21:11","guid":{"rendered":"https:\/\/petrana-sabolek.net\/?p=2908"},"modified":"2022-05-21T16:31:28","modified_gmt":"2022-05-21T16:31:28","slug":"uz-21-svibnja-svjetski-dan-kulturne-raznolikosti-za-dijalog-i-razvoj","status":"publish","type":"post","link":"https:\/\/petrana-sabolek.net\/index.php\/2022\/05\/21\/uz-21-svibnja-svjetski-dan-kulturne-raznolikosti-za-dijalog-i-razvoj\/","title":{"rendered":"UZ 21. SVIBNJA &#8211; SVJETSKI DAN KULTURNE RAZNOLIKOSTI ZA DIJALOG I RAZVOJ"},"content":{"rendered":"<p><img loading=\"lazy\" decoding=\"async\" class=\" wp-image-2911 alignleft\" src=\"https:\/\/petrana-sabolek.net\/wp-content\/uploads\/2022\/05\/uz-21-svibnja.jpg\" alt=\"\" width=\"278\" height=\"277\" srcset=\"https:\/\/petrana-sabolek.net\/wp-content\/uploads\/2022\/05\/uz-21-svibnja.jpg 225w, https:\/\/petrana-sabolek.net\/wp-content\/uploads\/2022\/05\/uz-21-svibnja-150x150.jpg 150w\" sizes=\"auto, (max-width: 278px) 100vw, 278px\" \/>Podsje\u0107anja radi, citiram dio preambule Ustava UNESCO-a koji ka\u017ee: <em>\u201e<\/em><em>Ljudsko dostojanstvo zahtijeva \u0161irenje kulture i obrazovanja s ciljem pravde, slobode i mira. To je sveta du\u017enost svih naroda da je ispune u duhu uzajamnog pomaganja.<\/em>\u201c Zbog svog zna\u010daja preambula je postala temelj i UNESCO-ve Op\u0107e deklaracije o kulturnoj raznolikosti, usvojene 2001. g., s ciljem uspostavljanja dijaloga, ostvarenja \u201eja-ti\u201c odnosa, uzajamnim spoznavanjem jedinstvenosti obiju strana. Pod stranom pak se osobito podrazumijeva pojedinac, poistovje\u0107en sa svojom kulturom, \u010diji identitet pak samo na taj na\u010din i mo\u017ee do\u0107i do punog izra\u017eaja. \u0160irina dijaloga, od komunikacije do ekologije, danas, pak, \u010dini se vi\u0161e nego ikad name\u0107e pitanja \u0161to o\u010duvati za budu\u0107e nara\u0161taje. Voda, zemlja, zrak, oduvijek su imperativ, planeta Zemlja, dakle, uz mir me\u0111u ljudima uvjet je opstojnosti dana\u0161njeg svijeta i budu\u0107eg pokoljenja.<\/p>\n<p>&nbsp;<\/p>\n","protected":false},"excerpt":{"rendered":"<p>Podsje\u0107anja radi, citiram dio preambule Ustava UNESCO-a koji ka\u017ee: \u201eLjudsko dostojanstvo zahtijeva \u0161irenje kulture i obrazovanja s ciljem pravde, slobode i mira. To je sveta du\u017enost svih naroda da je ispune u duhu uzajamnog pomaganja.\u201c Zbog svog zna\u010daja preambula je postala temelj i UNESCO-ve Op\u0107e deklaracije o kulturnoj raznolikosti, usvojene 2001. g., s ciljem uspostavljanja [&hellip;]<\/p>\n","protected":false},"author":1,"featured_media":2912,"comment_status":"open","ping_status":"open","sticky":false,"template":"","format":"gallery","meta":{"_et_pb_use_builder":"","_et_pb_old_content":"","_et_gb_content_width":"","footnotes":""},"categories":[7,1,6],"tags":[],"class_list":["post-2908","post","type-post","status-publish","format-gallery","has-post-thumbnail","hentry","category-blog","category-uncategorized","category-uz-dan","post_format-post-format-gallery"],"_links":{"self":[{"href":"https:\/\/petrana-sabolek.net\/index.php\/wp-json\/wp\/v2\/posts\/2908","targetHints":{"allow":["GET"]}}],"collection":[{"href":"https:\/\/petrana-sabolek.net\/index.php\/wp-json\/wp\/v2\/posts"}],"about":[{"href":"https:\/\/petrana-sabolek.net\/index.php\/wp-json\/wp\/v2\/types\/post"}],"author":[{"embeddable":true,"href":"https:\/\/petrana-sabolek.net\/index.php\/wp-json\/wp\/v2\/users\/1"}],"replies":[{"embeddable":true,"href":"https:\/\/petrana-sabolek.net\/index.php\/wp-json\/wp\/v2\/comments?post=2908"}],"version-history":[{"count":13,"href":"https:\/\/petrana-sabolek.net\/index.php\/wp-json\/wp\/v2\/posts\/2908\/revisions"}],"predecessor-version":[{"id":2927,"href":"https:\/\/petrana-sabolek.net\/index.php\/wp-json\/wp\/v2\/posts\/2908\/revisions\/2927"}],"wp:featuredmedia":[{"embeddable":true,"href":"https:\/\/petrana-sabolek.net\/index.php\/wp-json\/wp\/v2\/media\/2912"}],"wp:attachment":[{"href":"https:\/\/petrana-sabolek.net\/index.php\/wp-json\/wp\/v2\/media?parent=2908"}],"wp:term":[{"taxonomy":"category","embeddable":true,"href":"https:\/\/petrana-sabolek.net\/index.php\/wp-json\/wp\/v2\/categories?post=2908"},{"taxonomy":"post_tag","embeddable":true,"href":"https:\/\/petrana-sabolek.net\/index.php\/wp-json\/wp\/v2\/tags?post=2908"}],"curies":[{"name":"wp","href":"https:\/\/api.w.org\/{rel}","templated":true}]}}