{"id":2983,"date":"2022-06-09T14:03:56","date_gmt":"2022-06-09T14:03:56","guid":{"rendered":"https:\/\/petrana-sabolek.net\/?p=2983"},"modified":"2022-06-09T14:03:56","modified_gmt":"2022-06-09T14:03:56","slug":"knjizevni-susret-u-i-os-cakovec","status":"publish","type":"post","link":"https:\/\/petrana-sabolek.net\/index.php\/2022\/06\/09\/knjizevni-susret-u-i-os-cakovec\/","title":{"rendered":"KNJI\u017dEVNI SUSRET U I. O\u0160 \u010cAKOVEC"},"content":{"rendered":"<p>Tek par fotografija s ju\u010dera\u0161njeg knji\u017eevnog susreta u I. O\u0160 \u010cakovec s u\u010denicima poslijepodnevne smjene 1. a i 1. b. te 2. a. i 2. b. razreda. Ovog puta su na susretu, pred svojim prijateljima iz razreda, mali program izveli i moji unuci Paula i Vedran. \ud83e\udd70 Hvala u\u010diteljicama Aniti Vadas, Dra\u017eenki Rob, Vesni Horvat i Aleksandri Pospi\u0161il!<img loading=\"lazy\" decoding=\"async\" class=\"alignnone size-large wp-image-2984\" src=\"https:\/\/petrana-sabolek.net\/wp-content\/uploads\/2022\/06\/viber_slika_2022-06-08_16-32-50-418-1024x810.jpg\" alt=\"\" width=\"1024\" height=\"810\" srcset=\"https:\/\/petrana-sabolek.net\/wp-content\/uploads\/2022\/06\/viber_slika_2022-06-08_16-32-50-418-1024x810.jpg 1024w, https:\/\/petrana-sabolek.net\/wp-content\/uploads\/2022\/06\/viber_slika_2022-06-08_16-32-50-418-980x775.jpg 980w, https:\/\/petrana-sabolek.net\/wp-content\/uploads\/2022\/06\/viber_slika_2022-06-08_16-32-50-418-480x380.jpg 480w\" sizes=\"auto, (min-width: 0px) and (max-width: 480px) 480px, (min-width: 481px) and (max-width: 980px) 980px, (min-width: 981px) 1024px, 100vw\" \/><\/p>\n<p>&nbsp;<\/p>\n<p><img loading=\"lazy\" decoding=\"async\" class=\"alignnone wp-image-2988 size-large\" src=\"https:\/\/petrana-sabolek.net\/wp-content\/uploads\/2022\/06\/viber_slika_2022-06-08_16-33-27-651-e1654782986871-1024x808.jpg\" alt=\"\" width=\"1024\" height=\"808\" srcset=\"https:\/\/petrana-sabolek.net\/wp-content\/uploads\/2022\/06\/viber_slika_2022-06-08_16-33-27-651-e1654782986871-980x551.jpg 980w, https:\/\/petrana-sabolek.net\/wp-content\/uploads\/2022\/06\/viber_slika_2022-06-08_16-33-27-651-e1654782986871-480x270.jpg 480w\" sizes=\"auto, (min-width: 0px) and (max-width: 480px) 480px, (min-width: 481px) and (max-width: 980px) 980px, (min-width: 981px) 1024px, 100vw\" \/><\/p>\n<p><img loading=\"lazy\" decoding=\"async\" class=\"alignnone size-large wp-image-2989\" src=\"https:\/\/petrana-sabolek.net\/wp-content\/uploads\/2022\/06\/viber_slika_2022-06-08_16-33-43-075.jpg\" alt=\"\" width=\"977\" height=\"812\" srcset=\"https:\/\/petrana-sabolek.net\/wp-content\/uploads\/2022\/06\/viber_slika_2022-06-08_16-33-43-075.jpg 977w, https:\/\/petrana-sabolek.net\/wp-content\/uploads\/2022\/06\/viber_slika_2022-06-08_16-33-43-075-480x399.jpg 480w\" sizes=\"auto, (min-width: 0px) and (max-width: 480px) 480px, (min-width: 481px) 977px, 100vw\" \/><\/p>\n<p><img loading=\"lazy\" decoding=\"async\" class=\"alignnone size-large wp-image-2990\" src=\"https:\/\/petrana-sabolek.net\/wp-content\/uploads\/2022\/06\/viber_slika_2022-06-09_14-38-37-388-1024x768.jpg\" alt=\"\" width=\"1024\" height=\"768\" srcset=\"https:\/\/petrana-sabolek.net\/wp-content\/uploads\/2022\/06\/viber_slika_2022-06-09_14-38-37-388-980x735.jpg 980w, https:\/\/petrana-sabolek.net\/wp-content\/uploads\/2022\/06\/viber_slika_2022-06-09_14-38-37-388-480x360.jpg 480w\" sizes=\"auto, (min-width: 0px) and (max-width: 480px) 480px, (min-width: 481px) and (max-width: 980px) 980px, (min-width: 981px) 1024px, 100vw\" \/><\/p>\n<p><img loading=\"lazy\" decoding=\"async\" class=\"alignnone size-large wp-image-2987\" src=\"https:\/\/petrana-sabolek.net\/wp-content\/uploads\/2022\/06\/viber_slika_2022-06-08_16-33-21-156-768x1024.jpg\" alt=\"\" width=\"768\" height=\"1024\" \/><\/p>\n","protected":false},"excerpt":{"rendered":"<p>Tek par fotografija s ju\u010dera\u0161njeg knji\u017eevnog susreta u I. O\u0160 \u010cakovec s u\u010denicima poslijepodnevne smjene 1. a i 1. b. te 2. a. i 2. b. razreda. Ovog puta su na susretu, pred svojim prijateljima iz razreda, mali program izveli i moji unuci Paula i Vedran. \ud83e\udd70 Hvala u\u010diteljicama Aniti Vadas, Dra\u017eenki Rob, Vesni Horvat [&hellip;]<\/p>\n","protected":false},"author":1,"featured_media":2984,"comment_status":"open","ping_status":"open","sticky":false,"template":"","format":"gallery","meta":{"_et_pb_use_builder":"","_et_pb_old_content":"","_et_gb_content_width":"","footnotes":""},"categories":[7,9],"tags":[],"class_list":["post-2983","post","type-post","status-publish","format-gallery","has-post-thumbnail","hentry","category-blog","category-novosti","post_format-post-format-gallery"],"_links":{"self":[{"href":"https:\/\/petrana-sabolek.net\/index.php\/wp-json\/wp\/v2\/posts\/2983","targetHints":{"allow":["GET"]}}],"collection":[{"href":"https:\/\/petrana-sabolek.net\/index.php\/wp-json\/wp\/v2\/posts"}],"about":[{"href":"https:\/\/petrana-sabolek.net\/index.php\/wp-json\/wp\/v2\/types\/post"}],"author":[{"embeddable":true,"href":"https:\/\/petrana-sabolek.net\/index.php\/wp-json\/wp\/v2\/users\/1"}],"replies":[{"embeddable":true,"href":"https:\/\/petrana-sabolek.net\/index.php\/wp-json\/wp\/v2\/comments?post=2983"}],"version-history":[{"count":4,"href":"https:\/\/petrana-sabolek.net\/index.php\/wp-json\/wp\/v2\/posts\/2983\/revisions"}],"predecessor-version":[{"id":2995,"href":"https:\/\/petrana-sabolek.net\/index.php\/wp-json\/wp\/v2\/posts\/2983\/revisions\/2995"}],"wp:featuredmedia":[{"embeddable":true,"href":"https:\/\/petrana-sabolek.net\/index.php\/wp-json\/wp\/v2\/media\/2984"}],"wp:attachment":[{"href":"https:\/\/petrana-sabolek.net\/index.php\/wp-json\/wp\/v2\/media?parent=2983"}],"wp:term":[{"taxonomy":"category","embeddable":true,"href":"https:\/\/petrana-sabolek.net\/index.php\/wp-json\/wp\/v2\/categories?post=2983"},{"taxonomy":"post_tag","embeddable":true,"href":"https:\/\/petrana-sabolek.net\/index.php\/wp-json\/wp\/v2\/tags?post=2983"}],"curies":[{"name":"wp","href":"https:\/\/api.w.org\/{rel}","templated":true}]}}