{"id":3005,"date":"2022-06-12T09:02:38","date_gmt":"2022-06-12T09:02:38","guid":{"rendered":"https:\/\/petrana-sabolek.net\/?p=3005"},"modified":"2023-03-02T13:46:39","modified_gmt":"2023-03-02T13:46:39","slug":"zidar-djecja-fora","status":"publish","type":"post","link":"https:\/\/petrana-sabolek.net\/index.php\/2022\/06\/12\/zidar-djecja-fora\/","title":{"rendered":"DJE\u010cJA FORA U PJESMI IZ POETSKE ZBIRKE &#8220;\u010cOVJEK S TRISTO ZVANJA&#8221;, 1994."},"content":{"rendered":"<p>&nbsp;<\/p>\n<p>&nbsp;<\/p>\n<p><img loading=\"lazy\" decoding=\"async\" class=\"alignnone size-large wp-image-3006\" src=\"https:\/\/petrana-sabolek.net\/wp-content\/uploads\/2022\/06\/113-Skeniranje_20160425-81-1-703x1024.jpg\" alt=\"\" width=\"703\" height=\"1024\" \/>Pjesma &#8220;Zidar&#8221; iz poetske zbirke &#8220;\u010covjek s tristo zvanja&#8221;, Comex d.o.o. \u010cakovec, 1994., razveselila je i u\u010denike 1. a, 1. b., 2. a. i 2. b. razreda I. O\u0160 \u010cakovec u \u010cakovcu na netom odr\u017eanom knji\u017eevnom susretu s autoricom, u lipnju 2022. Knjiga je u cijelosti predstavljena na ovoj www stranici pod Objavljeni naslovi.<\/p>\n","protected":false},"excerpt":{"rendered":"<p>&nbsp; &nbsp; Pjesma &#8220;Zidar&#8221; iz poetske zbirke &#8220;\u010covjek s tristo zvanja&#8221;, Comex d.o.o. \u010cakovec, 1994., razveselila je i u\u010denike 1. a, 1. b., 2. a. i 2. b. razreda I. O\u0160 \u010cakovec u \u010cakovcu na netom odr\u017eanom knji\u017eevnom susretu s autoricom, u lipnju 2022. Knjiga je u cijelosti predstavljena na ovoj www stranici pod Objavljeni [&hellip;]<\/p>\n","protected":false},"author":1,"featured_media":2998,"comment_status":"open","ping_status":"open","sticky":false,"template":"","format":"gallery","meta":{"_et_pb_use_builder":"","_et_pb_old_content":"","_et_gb_content_width":"","footnotes":""},"categories":[7,11,3],"tags":[],"class_list":["post-3005","post","type-post","status-publish","format-gallery","has-post-thumbnail","hentry","category-blog","category-djecji_blok","category-poezija","post_format-post-format-gallery"],"_links":{"self":[{"href":"https:\/\/petrana-sabolek.net\/index.php\/wp-json\/wp\/v2\/posts\/3005","targetHints":{"allow":["GET"]}}],"collection":[{"href":"https:\/\/petrana-sabolek.net\/index.php\/wp-json\/wp\/v2\/posts"}],"about":[{"href":"https:\/\/petrana-sabolek.net\/index.php\/wp-json\/wp\/v2\/types\/post"}],"author":[{"embeddable":true,"href":"https:\/\/petrana-sabolek.net\/index.php\/wp-json\/wp\/v2\/users\/1"}],"replies":[{"embeddable":true,"href":"https:\/\/petrana-sabolek.net\/index.php\/wp-json\/wp\/v2\/comments?post=3005"}],"version-history":[{"count":7,"href":"https:\/\/petrana-sabolek.net\/index.php\/wp-json\/wp\/v2\/posts\/3005\/revisions"}],"predecessor-version":[{"id":3540,"href":"https:\/\/petrana-sabolek.net\/index.php\/wp-json\/wp\/v2\/posts\/3005\/revisions\/3540"}],"wp:featuredmedia":[{"embeddable":true,"href":"https:\/\/petrana-sabolek.net\/index.php\/wp-json\/wp\/v2\/media\/2998"}],"wp:attachment":[{"href":"https:\/\/petrana-sabolek.net\/index.php\/wp-json\/wp\/v2\/media?parent=3005"}],"wp:term":[{"taxonomy":"category","embeddable":true,"href":"https:\/\/petrana-sabolek.net\/index.php\/wp-json\/wp\/v2\/categories?post=3005"},{"taxonomy":"post_tag","embeddable":true,"href":"https:\/\/petrana-sabolek.net\/index.php\/wp-json\/wp\/v2\/tags?post=3005"}],"curies":[{"name":"wp","href":"https:\/\/api.w.org\/{rel}","templated":true}]}}