{"id":3025,"date":"2022-06-20T10:03:44","date_gmt":"2022-06-20T10:03:44","guid":{"rendered":"https:\/\/petrana-sabolek.net\/?p=3025"},"modified":"2022-06-20T10:10:30","modified_gmt":"2022-06-20T10:10:30","slug":"uz-20-lipnja-svjetski-dan-izbjeglica-i-djeca-su-izbjeglice","status":"publish","type":"post","link":"https:\/\/petrana-sabolek.net\/index.php\/2022\/06\/20\/uz-20-lipnja-svjetski-dan-izbjeglica-i-djeca-su-izbjeglice\/","title":{"rendered":"Uz 20. LIPNJA, SVJETSKI DAN IZBJEGLICA &#8211; I DJECA SU IZBJEGLICE \u00a0"},"content":{"rendered":"<p>&nbsp;<\/p>\n<p><img loading=\"lazy\" decoding=\"async\" class=\"alignnone size-large wp-image-3027\" src=\"https:\/\/petrana-sabolek.net\/wp-content\/uploads\/2022\/06\/humanitarian-aid-939723_1280-1024x613.jpg\" alt=\"\" width=\"1024\" height=\"613\" srcset=\"https:\/\/petrana-sabolek.net\/wp-content\/uploads\/2022\/06\/humanitarian-aid-939723_1280-1024x613.jpg 1024w, https:\/\/petrana-sabolek.net\/wp-content\/uploads\/2022\/06\/humanitarian-aid-939723_1280-980x586.jpg 980w, https:\/\/petrana-sabolek.net\/wp-content\/uploads\/2022\/06\/humanitarian-aid-939723_1280-480x287.jpg 480w\" sizes=\"auto, (min-width: 0px) and (max-width: 480px) 480px, (min-width: 481px) and (max-width: 980px) 980px, (min-width: 981px) 1024px, 100vw\" \/><\/p>\n<p>Kao u prahistoriska vremena i danas horde ljudi lutaju svijetom. Neko\u0107 istra\u017euju\u0107i zemlju, danas \u00a0bijegom od rata i neljudi, elementarne nepogode ili sli\u010dnih okolnosti radi kojih su prisiljeni\u00a0 trajno ili na du\u017ei rok napustiti svoju domovinu ili prebivali\u0161te. A tra\u017ee\u0107i novu, svjetliju sigurnost s tek ponekom stvarcom u ruci \u0161to su je mogli ponijeti sa sobom hodo\u010daste od granice do granice, do\u010dekani s vi\u0161e ili manje \u017eica i s manje ili vi\u0161e humanosti, nerijetko, dakle, likom sramote civilizaciji i pljuske \u010dovje\u010danstvu.<\/p>\n<p>&nbsp;<\/p>\n","protected":false},"excerpt":{"rendered":"<p>&nbsp; Kao u prahistoriska vremena i danas horde ljudi lutaju svijetom. Neko\u0107 istra\u017euju\u0107i zemlju, danas \u00a0bijegom od rata i neljudi, elementarne nepogode ili sli\u010dnih okolnosti radi kojih su prisiljeni\u00a0 trajno ili na du\u017ei rok napustiti svoju domovinu ili prebivali\u0161te. A tra\u017ee\u0107i novu, svjetliju sigurnost s tek ponekom stvarcom u ruci \u0161to su je mogli ponijeti [&hellip;]<\/p>\n","protected":false},"author":1,"featured_media":3030,"comment_status":"open","ping_status":"open","sticky":false,"template":"","format":"gallery","meta":{"_et_pb_use_builder":"","_et_pb_old_content":"","_et_gb_content_width":"","footnotes":""},"categories":[7,4,6],"tags":[],"class_list":["post-3025","post","type-post","status-publish","format-gallery","has-post-thumbnail","hentry","category-blog","category-proza","category-uz-dan","post_format-post-format-gallery"],"_links":{"self":[{"href":"https:\/\/petrana-sabolek.net\/index.php\/wp-json\/wp\/v2\/posts\/3025","targetHints":{"allow":["GET"]}}],"collection":[{"href":"https:\/\/petrana-sabolek.net\/index.php\/wp-json\/wp\/v2\/posts"}],"about":[{"href":"https:\/\/petrana-sabolek.net\/index.php\/wp-json\/wp\/v2\/types\/post"}],"author":[{"embeddable":true,"href":"https:\/\/petrana-sabolek.net\/index.php\/wp-json\/wp\/v2\/users\/1"}],"replies":[{"embeddable":true,"href":"https:\/\/petrana-sabolek.net\/index.php\/wp-json\/wp\/v2\/comments?post=3025"}],"version-history":[{"count":7,"href":"https:\/\/petrana-sabolek.net\/index.php\/wp-json\/wp\/v2\/posts\/3025\/revisions"}],"predecessor-version":[{"id":3035,"href":"https:\/\/petrana-sabolek.net\/index.php\/wp-json\/wp\/v2\/posts\/3025\/revisions\/3035"}],"wp:featuredmedia":[{"embeddable":true,"href":"https:\/\/petrana-sabolek.net\/index.php\/wp-json\/wp\/v2\/media\/3030"}],"wp:attachment":[{"href":"https:\/\/petrana-sabolek.net\/index.php\/wp-json\/wp\/v2\/media?parent=3025"}],"wp:term":[{"taxonomy":"category","embeddable":true,"href":"https:\/\/petrana-sabolek.net\/index.php\/wp-json\/wp\/v2\/categories?post=3025"},{"taxonomy":"post_tag","embeddable":true,"href":"https:\/\/petrana-sabolek.net\/index.php\/wp-json\/wp\/v2\/tags?post=3025"}],"curies":[{"name":"wp","href":"https:\/\/api.w.org\/{rel}","templated":true}]}}