{"id":3074,"date":"2022-07-10T21:37:50","date_gmt":"2022-07-10T21:37:50","guid":{"rendered":"https:\/\/petrana-sabolek.net\/?p=3074"},"modified":"2023-03-02T13:41:03","modified_gmt":"2023-03-02T13:41:03","slug":"stilist","status":"publish","type":"post","link":"https:\/\/petrana-sabolek.net\/index.php\/2022\/07\/10\/stilist\/","title":{"rendered":"&#8220;STILIST&#8221;, PRI\u010cA IZ RUKOPISA KRATKIH PRI\u010cA, &#8220;GLAVOM KROZ ZID&#8221;"},"content":{"rendered":"<p>&nbsp;<\/p>\n<p><img loading=\"lazy\" decoding=\"async\" class=\"alignnone size-large wp-image-3075\" src=\"https:\/\/petrana-sabolek.net\/wp-content\/uploads\/2022\/07\/shutterstock-1843147645-1024x675.jpg\" alt=\"\" width=\"1024\" height=\"675\" srcset=\"https:\/\/petrana-sabolek.net\/wp-content\/uploads\/2022\/07\/shutterstock-1843147645-980x646.jpg 980w, https:\/\/petrana-sabolek.net\/wp-content\/uploads\/2022\/07\/shutterstock-1843147645-480x316.jpg 480w\" sizes=\"auto, (min-width: 0px) and (max-width: 480px) 480px, (min-width: 481px) and (max-width: 980px) 980px, (min-width: 981px) 1024px, 100vw\" \/><\/p>\n<p>Nije bilo prvi put i gotovo da sam ve\u0107 i bio navikao na poznatu no\u0107nu tiradu svoje \u017eene. Dopu\u0161tao njenim rije\u010dima da mi i kroz san, na krajnje bezazlen na\u010din ulaze na jedno, a izlaze na drugo uho.<\/p>\n<p>San kao san, obi\u010dna glupost, mislio sam, u potpunosti zanemaruju\u0107i podsvijest. Nisam, naime, ni poku\u0161avao doku\u010diti im zna\u010denje. Utopiv\u0161i ih u onu, <em>c&#8217; est la vie,<\/em> moj je \u017eivot i dalje tekao mirno.<\/p>\n<p>A sama tirada pak tekla je u stilu da j\u00e2, bijedni nikogovi\u0107 iliti anonimus prve vrste ne smijem nikada i ni po koju cijenu smetnuti s uma da zahvalnost za svoj postoje\u0107i status na dru\u0161tvenoj ljestvici dugujem isklju\u010divo njemu, mom gospodinu \u0161efu, ujedno i na\u0161em najboljem ku\u0107nom prijatelju, \u0161to je svojedobno oblikovao moju vanjsku sveukupnost u mjeri da je polu\u010dila neslu\u0107ene rezultate pogurnuv\u0161i naprijed ovo moje ni\u0161t&#8217; koristi tijelo taman za onoliko koliko mu je nedostajalo da ja doguram dotle dokle sam dogurao.<\/p>\n<p>No za razliku od ovih, uobi\u010dajenih monolo\u0161kih tirada moje supruge u ovu, no\u0107a\u0161nju, uklju\u010dio se i on, taj, moj, gospodin \u0161ef. Htio me je osobno, a sad ve\u0107 i posve otvoreno upozoriti da \u0107e ona, dakle, moja \u017eena, jednog jutra jednostavno nestati. Nestat \u0107e i s bundom i \u201cmerd\u017eom\u201d i jo\u0161 ponekom sitnicom s mizerne palete vrijednosti, a \u0161to si ih je za svog bijednog \u017eivota sa mnom zasigurno i zavrijedila. I tek tada, kada se to bude dogodilo, rekao je, ja \u0107u zapravo shvatiti da\u2026<\/p>\n<p>I ja sam shvatio. Doista, tek tada, i to to\u010dno onako kako mi je doti\u010dni poku\u0161ao objasniti. Okoli\u0161ao je naime do zore u kojoj toga jutra, fakat, nit&#8217; \u017eene u krevetu nit&#8217; bunde u ormaru niti &#8220;merd\u017ee&#8221; u gara\u017ei.<\/p>\n<p>A bogami vi\u0161e niti njega nije bilo u uredu. U ti\u0161ini, preko no\u0107i, ili ispod stola, kako se tome ve\u0107 ka\u017ee postavili su ga na neko vi\u0161e menad\u017eersko mjesto u sredi\u0161njici. Navodno isklju\u010divo na osnovi jednog od ona, moja tri studentska elaborata kojima sam mu ja svojedobno \u010dak unaprijed platio za ovaj, svoj postoje\u0107i imid\u017e zahvaljuju\u0107i kojem sam, kako me je \u017eena svojim no\u0107nim tiradama terorizirala i dogurao dotle dokle sam dogurao &#8211; mater li mu stilisti\u010dku.<\/p>\n<p>&nbsp;<\/p>\n<p>&nbsp;<\/p>\n<p>&nbsp;<\/p>\n","protected":false},"excerpt":{"rendered":"<p>&nbsp; Nije bilo prvi put i gotovo da sam ve\u0107 i bio navikao na poznatu no\u0107nu tiradu svoje \u017eene. Dopu\u0161tao njenim rije\u010dima da mi i kroz san, na krajnje bezazlen na\u010din ulaze na jedno, a izlaze na drugo uho. San kao san, obi\u010dna glupost, mislio sam, u potpunosti zanemaruju\u0107i podsvijest. Nisam, naime, ni poku\u0161avao doku\u010diti [&hellip;]<\/p>\n","protected":false},"author":1,"featured_media":3075,"comment_status":"open","ping_status":"open","sticky":false,"template":"","format":"gallery","meta":{"_et_pb_use_builder":"","_et_pb_old_content":"","_et_gb_content_width":"","footnotes":""},"categories":[7,4],"tags":[],"class_list":["post-3074","post","type-post","status-publish","format-gallery","has-post-thumbnail","hentry","category-blog","category-proza","post_format-post-format-gallery"],"_links":{"self":[{"href":"https:\/\/petrana-sabolek.net\/index.php\/wp-json\/wp\/v2\/posts\/3074","targetHints":{"allow":["GET"]}}],"collection":[{"href":"https:\/\/petrana-sabolek.net\/index.php\/wp-json\/wp\/v2\/posts"}],"about":[{"href":"https:\/\/petrana-sabolek.net\/index.php\/wp-json\/wp\/v2\/types\/post"}],"author":[{"embeddable":true,"href":"https:\/\/petrana-sabolek.net\/index.php\/wp-json\/wp\/v2\/users\/1"}],"replies":[{"embeddable":true,"href":"https:\/\/petrana-sabolek.net\/index.php\/wp-json\/wp\/v2\/comments?post=3074"}],"version-history":[{"count":3,"href":"https:\/\/petrana-sabolek.net\/index.php\/wp-json\/wp\/v2\/posts\/3074\/revisions"}],"predecessor-version":[{"id":3536,"href":"https:\/\/petrana-sabolek.net\/index.php\/wp-json\/wp\/v2\/posts\/3074\/revisions\/3536"}],"wp:featuredmedia":[{"embeddable":true,"href":"https:\/\/petrana-sabolek.net\/index.php\/wp-json\/wp\/v2\/media\/3075"}],"wp:attachment":[{"href":"https:\/\/petrana-sabolek.net\/index.php\/wp-json\/wp\/v2\/media?parent=3074"}],"wp:term":[{"taxonomy":"category","embeddable":true,"href":"https:\/\/petrana-sabolek.net\/index.php\/wp-json\/wp\/v2\/categories?post=3074"},{"taxonomy":"post_tag","embeddable":true,"href":"https:\/\/petrana-sabolek.net\/index.php\/wp-json\/wp\/v2\/tags?post=3074"}],"curies":[{"name":"wp","href":"https:\/\/api.w.org\/{rel}","templated":true}]}}