{"id":3111,"date":"2022-08-04T18:03:35","date_gmt":"2022-08-04T18:03:35","guid":{"rendered":"https:\/\/petrana-sabolek.net\/?p=3111"},"modified":"2022-08-04T18:03:35","modified_gmt":"2022-08-04T18:03:35","slug":"uz-160-dan-rata-u-ukrajini","status":"publish","type":"post","link":"https:\/\/petrana-sabolek.net\/index.php\/2022\/08\/04\/uz-160-dan-rata-u-ukrajini\/","title":{"rendered":"UZ 160. DAN RATA U UKRAJINI"},"content":{"rendered":"<p><img loading=\"lazy\" decoding=\"async\" class=\"alignnone size-large wp-image-3112\" src=\"https:\/\/petrana-sabolek.net\/wp-content\/uploads\/2022\/08\/1646673340-07.09-combo-3-1200x800-1-1024x683.jpg\" alt=\"\" width=\"1024\" height=\"683\" srcset=\"https:\/\/petrana-sabolek.net\/wp-content\/uploads\/2022\/08\/1646673340-07.09-combo-3-1200x800-1-1024x683.jpg 1024w, https:\/\/petrana-sabolek.net\/wp-content\/uploads\/2022\/08\/1646673340-07.09-combo-3-1200x800-1-980x653.jpg 980w, https:\/\/petrana-sabolek.net\/wp-content\/uploads\/2022\/08\/1646673340-07.09-combo-3-1200x800-1-480x320.jpg 480w\" sizes=\"auto, (min-width: 0px) and (max-width: 480px) 480px, (min-width: 481px) and (max-width: 980px) 980px, (min-width: 981px) 1024px, 100vw\" \/><\/p>\n<p>U \u0161koli su me u\u010dili da na sve treba gledati pozitivno. U smislu da mo\u017eda ni rat nije bez vraga, da je mo\u017eda doista potrebno da se, kako povijest govori, pojavi, izbije, bukne i razbukta svakih 30 do 50 godina. Razlog, mogu\u0107e nebitan, mo\u017eda jednostavno nastupi potreba da se razbije uljuljkanost svakodnevice, da se potakne adrenalin, da se dignu uljuljkane potro\u0161a\u010dke potrebe, da se zahukta neki novi razvoj, da krene migracija stanovni\u0161tva te se rastjera ljudstvo poput raspr\u0161enog stada kako bi grupice na nekim novim &#8216;pa\u0161njacima&#8217; mije\u0161aju\u0107i se sa zate\u010denima ili nekim drugim grupicama postali novi, promijenjeni, pou\u010deni pro\u017eivljenim ratom svakako bolji ljudi, makar i opet samo za ograni\u010deni rok trajanja od 30 do 50 godina. Nisu govorili, jer doista grani\u010di s ludo\u0161\u0107u a i nepojmljivo je zdravoj pameti da se voljom jednog \u010dovjeka mo\u017ee uni\u0161tavati svijet te da tom jednom \u010ditav svijet ne mo\u017ee stati na kraj.<\/p>\n","protected":false},"excerpt":{"rendered":"<p>U \u0161koli su me u\u010dili da na sve treba gledati pozitivno. U smislu da mo\u017eda ni rat nije bez vraga, da je mo\u017eda doista potrebno da se, kako povijest govori, pojavi, izbije, bukne i razbukta svakih 30 do 50 godina. Razlog, mogu\u0107e nebitan, mo\u017eda jednostavno nastupi potreba da se razbije uljuljkanost svakodnevice, da se potakne [&hellip;]<\/p>\n","protected":false},"author":1,"featured_media":3112,"comment_status":"open","ping_status":"open","sticky":false,"template":"","format":"gallery","meta":{"_et_pb_use_builder":"","_et_pb_old_content":"","_et_gb_content_width":"","footnotes":""},"categories":[7,4,1,6],"tags":[],"class_list":["post-3111","post","type-post","status-publish","format-gallery","has-post-thumbnail","hentry","category-blog","category-proza","category-uncategorized","category-uz-dan","post_format-post-format-gallery"],"_links":{"self":[{"href":"https:\/\/petrana-sabolek.net\/index.php\/wp-json\/wp\/v2\/posts\/3111","targetHints":{"allow":["GET"]}}],"collection":[{"href":"https:\/\/petrana-sabolek.net\/index.php\/wp-json\/wp\/v2\/posts"}],"about":[{"href":"https:\/\/petrana-sabolek.net\/index.php\/wp-json\/wp\/v2\/types\/post"}],"author":[{"embeddable":true,"href":"https:\/\/petrana-sabolek.net\/index.php\/wp-json\/wp\/v2\/users\/1"}],"replies":[{"embeddable":true,"href":"https:\/\/petrana-sabolek.net\/index.php\/wp-json\/wp\/v2\/comments?post=3111"}],"version-history":[{"count":3,"href":"https:\/\/petrana-sabolek.net\/index.php\/wp-json\/wp\/v2\/posts\/3111\/revisions"}],"predecessor-version":[{"id":3115,"href":"https:\/\/petrana-sabolek.net\/index.php\/wp-json\/wp\/v2\/posts\/3111\/revisions\/3115"}],"wp:featuredmedia":[{"embeddable":true,"href":"https:\/\/petrana-sabolek.net\/index.php\/wp-json\/wp\/v2\/media\/3112"}],"wp:attachment":[{"href":"https:\/\/petrana-sabolek.net\/index.php\/wp-json\/wp\/v2\/media?parent=3111"}],"wp:term":[{"taxonomy":"category","embeddable":true,"href":"https:\/\/petrana-sabolek.net\/index.php\/wp-json\/wp\/v2\/categories?post=3111"},{"taxonomy":"post_tag","embeddable":true,"href":"https:\/\/petrana-sabolek.net\/index.php\/wp-json\/wp\/v2\/tags?post=3111"}],"curies":[{"name":"wp","href":"https:\/\/api.w.org\/{rel}","templated":true}]}}