{"id":3143,"date":"2022-08-23T08:01:02","date_gmt":"2022-08-23T08:01:02","guid":{"rendered":"https:\/\/petrana-sabolek.net\/?p=3143"},"modified":"2023-03-02T12:42:55","modified_gmt":"2023-03-02T12:42:55","slug":"vesela-godisnja-doba","status":"publish","type":"post","link":"https:\/\/petrana-sabolek.net\/index.php\/2022\/08\/23\/vesela-godisnja-doba\/","title":{"rendered":"&#8220;VESELA GODI\u0160NJA DOBA&#8221;, PJESMA IZ RUKOPISA ZA NAJMLA\u0110E &#8220;PROLJE\u0106E, LJETO, JESEN, ZIMA, U SLICI I STIHOVIMA&#8221;"},"content":{"rendered":"<p><img loading=\"lazy\" decoding=\"async\" class=\"alignnone size-full wp-image-1091\" src=\"https:\/\/petrana-sabolek.net\/wp-content\/uploads\/2021\/09\/stihovnica3.png\" alt=\"\" width=\"706\" height=\"663\" srcset=\"https:\/\/petrana-sabolek.net\/wp-content\/uploads\/2021\/09\/stihovnica3.png 706w, https:\/\/petrana-sabolek.net\/wp-content\/uploads\/2021\/09\/stihovnica3-480x451.png 480w\" sizes=\"auto, (min-width: 0px) and (max-width: 480px) 480px, (min-width: 481px) 706px, 100vw\" \/><\/p>\n<p>PROLJE\u0106E je \u010darobnjak, svatko mu se \u010dudi, led i snijeg otapa, korijenje budi. Na drve\u0107u li\u0161\u0107e, na zemljici proljetno cvije\u0107e, nad livadom p\u010dela zuji, pod strehu mi lasta slije\u0107e\u2026<\/p>\n<p>LJETO pali, \u017eari, s neba vatra bljeska, pod nogama vreli kamen, a na pla\u017ei zrnca pijeska. Vreo je i pra\u0161njav tepih du\u017e zemljanog puta, svje\u017einu tek no\u0107ca nosi kad mrak sun\u010dev sjaj proguta.<\/p>\n<p>JESEN ki\u0161u prolijeva, maglovita jutra ni\u017ee, dozrele su \u0161ljive, dunje, berba na prag sti\u017ee,li\u0161\u0107e \u017euti, su\u0161i se, mrzli vjetar pute mete, lasta na jug odlazi, baka zimsku vestu plete\u2026<\/p>\n<p>ZIMA, snje\u017ena, puna inja, pravoj bajci sli\u010di: Badnjak, Bo\u017ei\u0107 i Djed Mraz sti\u017eu ko u pri\u010di, a bjelina o\u010di krade, kupa drvo, brijeg, pa ni polja, puta nema &#8211; sve prekrio snijeg.<\/p>\n<p>&nbsp;<\/p>\n","protected":false},"excerpt":{"rendered":"<p>PROLJE\u0106E je \u010darobnjak, svatko mu se \u010dudi, led i snijeg otapa, korijenje budi. Na drve\u0107u li\u0161\u0107e, na zemljici proljetno cvije\u0107e, nad livadom p\u010dela zuji, pod strehu mi lasta slije\u0107e\u2026 LJETO pali, \u017eari, s neba vatra bljeska, pod nogama vreli kamen, a na pla\u017ei zrnca pijeska. Vreo je i pra\u0161njav tepih du\u017e zemljanog puta, svje\u017einu tek [&hellip;]<\/p>\n","protected":false},"author":1,"featured_media":1091,"comment_status":"open","ping_status":"open","sticky":false,"template":"","format":"gallery","meta":{"_et_pb_use_builder":"","_et_pb_old_content":"","_et_gb_content_width":"","footnotes":""},"categories":[7,11,3],"tags":[],"class_list":["post-3143","post","type-post","status-publish","format-gallery","has-post-thumbnail","hentry","category-blog","category-djecji_blok","category-poezija","post_format-post-format-gallery"],"_links":{"self":[{"href":"https:\/\/petrana-sabolek.net\/index.php\/wp-json\/wp\/v2\/posts\/3143","targetHints":{"allow":["GET"]}}],"collection":[{"href":"https:\/\/petrana-sabolek.net\/index.php\/wp-json\/wp\/v2\/posts"}],"about":[{"href":"https:\/\/petrana-sabolek.net\/index.php\/wp-json\/wp\/v2\/types\/post"}],"author":[{"embeddable":true,"href":"https:\/\/petrana-sabolek.net\/index.php\/wp-json\/wp\/v2\/users\/1"}],"replies":[{"embeddable":true,"href":"https:\/\/petrana-sabolek.net\/index.php\/wp-json\/wp\/v2\/comments?post=3143"}],"version-history":[{"count":10,"href":"https:\/\/petrana-sabolek.net\/index.php\/wp-json\/wp\/v2\/posts\/3143\/revisions"}],"predecessor-version":[{"id":3517,"href":"https:\/\/petrana-sabolek.net\/index.php\/wp-json\/wp\/v2\/posts\/3143\/revisions\/3517"}],"wp:featuredmedia":[{"embeddable":true,"href":"https:\/\/petrana-sabolek.net\/index.php\/wp-json\/wp\/v2\/media\/1091"}],"wp:attachment":[{"href":"https:\/\/petrana-sabolek.net\/index.php\/wp-json\/wp\/v2\/media?parent=3143"}],"wp:term":[{"taxonomy":"category","embeddable":true,"href":"https:\/\/petrana-sabolek.net\/index.php\/wp-json\/wp\/v2\/categories?post=3143"},{"taxonomy":"post_tag","embeddable":true,"href":"https:\/\/petrana-sabolek.net\/index.php\/wp-json\/wp\/v2\/tags?post=3143"}],"curies":[{"name":"wp","href":"https:\/\/api.w.org\/{rel}","templated":true}]}}