{"id":3302,"date":"2022-11-13T22:57:10","date_gmt":"2022-11-13T22:57:10","guid":{"rendered":"https:\/\/petrana-sabolek.net\/?p=3302"},"modified":"2023-03-02T12:48:33","modified_gmt":"2023-03-02T12:48:33","slug":"studen-koju-ne-volim","status":"publish","type":"post","link":"https:\/\/petrana-sabolek.net\/index.php\/2022\/11\/13\/studen-koju-ne-volim\/","title":{"rendered":"&#8220;STUDEN KOJU NE VOLIM&#8221;, PJESMA IZ RUKOPISA &#8220;PROLJE\u0106E, LJETO, JESEN, ZIMA, U SLICI I STIHOVIMA&#8221;"},"content":{"rendered":"<p><img loading=\"lazy\" decoding=\"async\" class=\"alignnone size-large wp-image-3304\" src=\"https:\/\/petrana-sabolek.net\/wp-content\/uploads\/2022\/11\/Autumn-Leaves-in-sunshine-1080x675-1-1024x640.jpg\" alt=\"\" width=\"1024\" height=\"640\" srcset=\"https:\/\/petrana-sabolek.net\/wp-content\/uploads\/2022\/11\/Autumn-Leaves-in-sunshine-1080x675-1-1024x640.jpg 1024w, https:\/\/petrana-sabolek.net\/wp-content\/uploads\/2022\/11\/Autumn-Leaves-in-sunshine-1080x675-1-980x613.jpg 980w, https:\/\/petrana-sabolek.net\/wp-content\/uploads\/2022\/11\/Autumn-Leaves-in-sunshine-1080x675-1-480x300.jpg 480w\" sizes=\"auto, (min-width: 0px) and (max-width: 480px) 480px, (min-width: 481px) and (max-width: 980px) 980px, (min-width: 981px) 1024px, 100vw\" \/><\/p>\n<p>Ne volim kad studen vjetar golim granjem nji\u0161e, a jo\u0161 manje kad\u00a0\u00a0mrzlim dahom po ledenom oknu ri\u0161e.<\/p>\n<p>I ne volim dok zima kenjka i stolovat ne\u0107e pa mi na prag umjesto snijega suho li\u0161\u0107e me\u0107e.<\/p>\n<p>A najvi\u0161e ne volim vrijeme u kojem mi skije \u010dame &#8211; dok ula\u0161tene snijeg \u010dekaju sred podrumske tame.<\/p>\n<p>&nbsp;<\/p>\n<p>&nbsp;<\/p>\n","protected":false},"excerpt":{"rendered":"<p>Ne volim kad studen vjetar golim granjem nji\u0161e, a jo\u0161 manje kad\u00a0\u00a0mrzlim dahom po ledenom oknu ri\u0161e. I ne volim dok zima kenjka i stolovat ne\u0107e pa mi na prag umjesto snijega suho li\u0161\u0107e me\u0107e. A najvi\u0161e ne volim vrijeme u kojem mi skije \u010dame &#8211; dok ula\u0161tene snijeg \u010dekaju sred podrumske tame. &nbsp; &nbsp;<\/p>\n","protected":false},"author":1,"featured_media":3304,"comment_status":"open","ping_status":"open","sticky":false,"template":"","format":"gallery","meta":{"_et_pb_use_builder":"","_et_pb_old_content":"","_et_gb_content_width":"","footnotes":""},"categories":[7,11,3],"tags":[],"class_list":["post-3302","post","type-post","status-publish","format-gallery","has-post-thumbnail","hentry","category-blog","category-djecji_blok","category-poezija","post_format-post-format-gallery"],"_links":{"self":[{"href":"https:\/\/petrana-sabolek.net\/index.php\/wp-json\/wp\/v2\/posts\/3302","targetHints":{"allow":["GET"]}}],"collection":[{"href":"https:\/\/petrana-sabolek.net\/index.php\/wp-json\/wp\/v2\/posts"}],"about":[{"href":"https:\/\/petrana-sabolek.net\/index.php\/wp-json\/wp\/v2\/types\/post"}],"author":[{"embeddable":true,"href":"https:\/\/petrana-sabolek.net\/index.php\/wp-json\/wp\/v2\/users\/1"}],"replies":[{"embeddable":true,"href":"https:\/\/petrana-sabolek.net\/index.php\/wp-json\/wp\/v2\/comments?post=3302"}],"version-history":[{"count":10,"href":"https:\/\/petrana-sabolek.net\/index.php\/wp-json\/wp\/v2\/posts\/3302\/revisions"}],"predecessor-version":[{"id":3519,"href":"https:\/\/petrana-sabolek.net\/index.php\/wp-json\/wp\/v2\/posts\/3302\/revisions\/3519"}],"wp:featuredmedia":[{"embeddable":true,"href":"https:\/\/petrana-sabolek.net\/index.php\/wp-json\/wp\/v2\/media\/3304"}],"wp:attachment":[{"href":"https:\/\/petrana-sabolek.net\/index.php\/wp-json\/wp\/v2\/media?parent=3302"}],"wp:term":[{"taxonomy":"category","embeddable":true,"href":"https:\/\/petrana-sabolek.net\/index.php\/wp-json\/wp\/v2\/categories?post=3302"},{"taxonomy":"post_tag","embeddable":true,"href":"https:\/\/petrana-sabolek.net\/index.php\/wp-json\/wp\/v2\/tags?post=3302"}],"curies":[{"name":"wp","href":"https:\/\/api.w.org\/{rel}","templated":true}]}}