{"id":3317,"date":"2022-11-17T21:16:00","date_gmt":"2022-11-17T21:16:00","guid":{"rendered":"https:\/\/petrana-sabolek.net\/?p=3317"},"modified":"2023-03-01T16:11:38","modified_gmt":"2023-03-01T16:11:38","slug":"uz-danasnji-dan-on-moj-otac","status":"publish","type":"post","link":"https:\/\/petrana-sabolek.net\/index.php\/2022\/11\/17\/uz-danasnji-dan-on-moj-otac\/","title":{"rendered":"&#8220;ON, MOJ OTAC&#8221;, PJESMA IZ RUKOPISA &#8220;NITI, SPONE, RELACIJE&#8221;"},"content":{"rendered":"<p><img loading=\"lazy\" decoding=\"async\" class=\"alignnone size-large wp-image-3319\" src=\"https:\/\/petrana-sabolek.net\/wp-content\/uploads\/2022\/11\/ja-s-mamom-i-tatom-1024x778.jpg\" alt=\"\" width=\"1024\" height=\"778\" srcset=\"https:\/\/petrana-sabolek.net\/wp-content\/uploads\/2022\/11\/ja-s-mamom-i-tatom-980x744.jpg 980w, https:\/\/petrana-sabolek.net\/wp-content\/uploads\/2022\/11\/ja-s-mamom-i-tatom-480x364.jpg 480w\" sizes=\"auto, (min-width: 0px) and (max-width: 480px) 480px, (min-width: 481px) and (max-width: 980px) 980px, (min-width: 981px) 1024px, 100vw\" \/><\/p>\n<p>Na dana\u0161nji dan, 1917., rodio se moj tata.<\/p>\n<p>&nbsp;<\/p>\n<p>Volio je biti uz nas, sa zadovoljstvom, na usluzi, ako bi zatrebalo. I ve\u0107inom bez velikih rije\u010di, ve\u0107inom samo govorom pogleda.<\/p>\n<p>No i takav govor bio je britak, izravan i iskren, uvijek samo\u00a0 prijateljski i dobronamjeran pa ili ho\u0107e\u0161 ili ne\u0107e\u0161.<\/p>\n<p>I zato \u00a0danas, kao da i nije oti\u0161ao, osje\u0107am da je tu, negdje, sveprisutan u onom svom svijetlo sivom mantilu i za ljeto, i za zimu, za kakvim se i danas okrenem ne bi li u njem ugledala Njega.<\/p>\n<p>Du\u0161e zatvorene poput \u0161krinje, skrivene osje\u0107aje otkrivao bi samo Njegov neuhvatljivi pogled, uperen u samo Njemu znane izgubljene svjetove otkud se ra\u0111ale sve one zadivljuju\u0107e pri\u010de i pjesme, sa\u010duvane samo za brata i mene kojima nas je uspavljivao.<\/p>\n<p>&nbsp;<\/p>\n","protected":false},"excerpt":{"rendered":"<p>Na dana\u0161nji dan, 1917., rodio se moj tata. &nbsp; Volio je biti uz nas, sa zadovoljstvom, na usluzi, ako bi zatrebalo. I ve\u0107inom bez velikih rije\u010di, ve\u0107inom samo govorom pogleda. No i takav govor bio je britak, izravan i iskren, uvijek samo\u00a0 prijateljski i dobronamjeran pa ili ho\u0107e\u0161 ili ne\u0107e\u0161. I zato \u00a0danas, kao da [&hellip;]<\/p>\n","protected":false},"author":1,"featured_media":3319,"comment_status":"open","ping_status":"open","sticky":false,"template":"","format":"gallery","meta":{"_et_pb_use_builder":"","_et_pb_old_content":"","_et_gb_content_width":"","footnotes":""},"categories":[7,3,1,6],"tags":[],"class_list":["post-3317","post","type-post","status-publish","format-gallery","has-post-thumbnail","hentry","category-blog","category-poezija","category-uncategorized","category-uz-dan","post_format-post-format-gallery"],"_links":{"self":[{"href":"https:\/\/petrana-sabolek.net\/index.php\/wp-json\/wp\/v2\/posts\/3317","targetHints":{"allow":["GET"]}}],"collection":[{"href":"https:\/\/petrana-sabolek.net\/index.php\/wp-json\/wp\/v2\/posts"}],"about":[{"href":"https:\/\/petrana-sabolek.net\/index.php\/wp-json\/wp\/v2\/types\/post"}],"author":[{"embeddable":true,"href":"https:\/\/petrana-sabolek.net\/index.php\/wp-json\/wp\/v2\/users\/1"}],"replies":[{"embeddable":true,"href":"https:\/\/petrana-sabolek.net\/index.php\/wp-json\/wp\/v2\/comments?post=3317"}],"version-history":[{"count":5,"href":"https:\/\/petrana-sabolek.net\/index.php\/wp-json\/wp\/v2\/posts\/3317\/revisions"}],"predecessor-version":[{"id":3497,"href":"https:\/\/petrana-sabolek.net\/index.php\/wp-json\/wp\/v2\/posts\/3317\/revisions\/3497"}],"wp:featuredmedia":[{"embeddable":true,"href":"https:\/\/petrana-sabolek.net\/index.php\/wp-json\/wp\/v2\/media\/3319"}],"wp:attachment":[{"href":"https:\/\/petrana-sabolek.net\/index.php\/wp-json\/wp\/v2\/media?parent=3317"}],"wp:term":[{"taxonomy":"category","embeddable":true,"href":"https:\/\/petrana-sabolek.net\/index.php\/wp-json\/wp\/v2\/categories?post=3317"},{"taxonomy":"post_tag","embeddable":true,"href":"https:\/\/petrana-sabolek.net\/index.php\/wp-json\/wp\/v2\/tags?post=3317"}],"curies":[{"name":"wp","href":"https:\/\/api.w.org\/{rel}","templated":true}]}}