{"id":3390,"date":"2022-12-28T11:50:04","date_gmt":"2022-12-28T11:50:04","guid":{"rendered":"https:\/\/petrana-sabolek.net\/?p=3390"},"modified":"2023-03-02T14:12:05","modified_gmt":"2023-03-02T14:12:05","slug":"slika-za-plakat","status":"publish","type":"post","link":"https:\/\/petrana-sabolek.net\/index.php\/2022\/12\/28\/slika-za-plakat\/","title":{"rendered":"&#8220;SLIKA ZA PLAKAT&#8221;, PRI\u010cA IZ RUKOPISA KRATKIH PRI\u010cA &#8220;GLAVOM  BEZ OBZIRA&#8221;"},"content":{"rendered":"<p><img loading=\"lazy\" decoding=\"async\" class=\"alignnone size-full wp-image-3397\" src=\"https:\/\/petrana-sabolek.net\/wp-content\/uploads\/2022\/12\/dojenje-1024x682-1.jpg\" alt=\"\" width=\"1024\" height=\"682\" srcset=\"https:\/\/petrana-sabolek.net\/wp-content\/uploads\/2022\/12\/dojenje-1024x682-1.jpg 1024w, https:\/\/petrana-sabolek.net\/wp-content\/uploads\/2022\/12\/dojenje-1024x682-1-980x653.jpg 980w, https:\/\/petrana-sabolek.net\/wp-content\/uploads\/2022\/12\/dojenje-1024x682-1-480x320.jpg 480w\" sizes=\"auto, (min-width: 0px) and (max-width: 480px) 480px, (min-width: 481px) and (max-width: 980px) 980px, (min-width: 981px) 1024px, 100vw\" \/><\/p>\n<p>Pri\u010da mo\u017eda i nije neobi\u010dna, no svakako nije svakodnevna. Ova je zabilje\u017eena uz veliku gu\u017evu u lokalnom <em>outletu<\/em> uz jednu od ve\u0107ih akcijskih prodaja, za ve\u0107inu artikala i do pedeset posto. Propaganda lecima od ku\u0107e do ku\u0107e namamila je u <em>outlet<\/em> \u010ditav grad pa ni ja nisam bila izuzetak.<\/p>\n<p>No bit \u0107e da sam se ipak malo &#8220;prera\u010dunala&#8221; u pogledu kupovne mo\u0107i doma\u0107eg \u010dovjeka jer dok sam ja do\u0161la do <em>outleta <\/em>u njem vi\u0161e nije bilo ni ko\u0161ara ni kolica, a bogami ni robe na policama. Usprkos op\u0107oj neima\u0161tini iz <em>outleta<\/em> su izlazila kolica prenatrpana artiklima, jedna vi\u0161e od drugih.<\/p>\n<p>A mi\u010du\u0107i se gu\u017evi, vani, izvan zgrade, na plo\u010dniku pokraj ulaza, naletim na prosjakinju. Mla\u0111a tamnoputa \u017eena, ljepu\u0161kastog lica i nimalo zapu\u0161tena izazivala je pa\u017enju tek \u0161arenom odje\u0107om i dojen\u010detom u rukama. Sjedila je \u00a0\u010dudno sklup\u010danih nogu da se \u010dinilo kao da joj nisu ba\u0161 obje na broju.<\/p>\n<p>No nisam marila za odje\u0107u ni noge ni sjedenje \u2013 kupila me je ne\u010dim drugim.<\/p>\n<p>Naime, kao dugogodi\u0161njoj aktivistici na promicanju dojenja, u sklopu Unicefovog programa <em>Baby friendly hospital<\/em>, nije mi promakla njena predanost dojenju, a \u0161to ga za dobrobit najmla\u0111ih Unicef poti\u010de posebnom Inicijativom. Ne vjerujem da je za Inicijativu \u010dula, no usprkos tome svoje je dojen\u010de dojila ba\u0161 kao \u0161to Inicijativa preporu\u010duje pa i njena slika sa sretnim dojen\u010detom na prsima bila je gotovo identi\u010dna \u00a0slici s unicefovog propagandnog \u00a0plakata.<\/p>\n<p>Nije marila za brojni svijet ispred <em>outleta<\/em>, nisu joj trebale, u za\u0161titu od njihovih pogleda nikakve ograde ni paravani, hranila je dijete kao \u0161to to \u010dini i nemalo drugih majki, no za razliku od nje, guraju\u0107i djetetu fla\u0161icu u usta.<\/p>\n<p>Pru\u017eiv\u0161i joj stanoviti sitni\u0161 ja sam nastavila svojim putem, ostaviv\u0161i je na asfaltu, pokraj stepeni\u0161ta <em>outleta<\/em>.<\/p>\n<p>Dan je bio lijep, primjerena toplina nadolaze\u0107eg ljeta izmamila je na ulice i ostatak gradskog svijeta pa i ceste najednom postale prepune \u2013 na otvorenim terasama praznog mjesta niti za lijek.<\/p>\n<p>A i potrajalo je dok sam krenula nazad, istim putem, kroz spomenutu cestovnu gu\u017evu. \u00a0No i u toj gu\u017evi opet opazim onu prosjakinju, dojilju. Ovoga puta u posve druga\u010dijem svjetlu i okru\u017eenju. Uz jo\u0161 dvoje mali\u0161ana i najvjerojatnije suprugom sjedila je na uglu jedne od terasa. Mali\u0161ani, s pecivom u rukama, zadovoljno su \u017evakali, mirno oslonjeni na dje\u010dja kolica do vrha ispunjena akcijskim artiklima iz <em>outleta<\/em>. Mala obitelj bila je pristojno odjevena i ure\u0111ena da \u010dak ni roba na majci, dojilji vi\u0161e nije odavala dojam robe \u201esumnjive \u0161arolikosti.\u201c Dojen\u010de joj je i opet bilo na prsima, kao po redu vo\u017enje, pomislim, \u0161to je posvjedo\u010dio i moj sat na ruci na kojeg makinalno bacih pogled. Od prija\u0161njeg susreta, naime, bilo je pro\u0161lo to\u010dno tri sata i dojen\u010detu je trebao novi obrok.<\/p>\n<p>Mala simpati\u010dna obitelj, pomislila sam i \u010dak skrenula s uobi\u010dajenog puta kako me ne bi vidjela i posramila se zbog fla\u0161e piva u ruci. Takva slika i danas nailazi na osudu iako nedvosmisleno potvr\u0111uje zdravstvenu u\u010dinkovitost razumne koli\u010dine alkoholiziranog pivskog slada te ju u umjerenim koli\u010dinama \u010dak i preporu\u010duje dojiljama.<\/p>\n<p>No s pivom (\u010ditaj pivski slad!) ili bez njega vrijedilo je samo pogledati u tu sliku majke s dojen\u010detom i na oko blistava lica. \u00a0Nesumnjivo je pucalo od zdravlja.<\/p>\n","protected":false},"excerpt":{"rendered":"<p>Pri\u010da mo\u017eda i nije neobi\u010dna, no svakako nije svakodnevna. Ova je zabilje\u017eena uz veliku gu\u017evu u lokalnom outletu uz jednu od ve\u0107ih akcijskih prodaja, za ve\u0107inu artikala i do pedeset posto. Propaganda lecima od ku\u0107e do ku\u0107e namamila je u outlet \u010ditav grad pa ni ja nisam bila izuzetak. No bit \u0107e da sam se [&hellip;]<\/p>\n","protected":false},"author":1,"featured_media":3397,"comment_status":"open","ping_status":"open","sticky":false,"template":"","format":"gallery","meta":{"_et_pb_use_builder":"","_et_pb_old_content":"","_et_gb_content_width":"","footnotes":""},"categories":[7,4,1],"tags":[],"class_list":["post-3390","post","type-post","status-publish","format-gallery","has-post-thumbnail","hentry","category-blog","category-proza","category-uncategorized","post_format-post-format-gallery"],"_links":{"self":[{"href":"https:\/\/petrana-sabolek.net\/index.php\/wp-json\/wp\/v2\/posts\/3390","targetHints":{"allow":["GET"]}}],"collection":[{"href":"https:\/\/petrana-sabolek.net\/index.php\/wp-json\/wp\/v2\/posts"}],"about":[{"href":"https:\/\/petrana-sabolek.net\/index.php\/wp-json\/wp\/v2\/types\/post"}],"author":[{"embeddable":true,"href":"https:\/\/petrana-sabolek.net\/index.php\/wp-json\/wp\/v2\/users\/1"}],"replies":[{"embeddable":true,"href":"https:\/\/petrana-sabolek.net\/index.php\/wp-json\/wp\/v2\/comments?post=3390"}],"version-history":[{"count":7,"href":"https:\/\/petrana-sabolek.net\/index.php\/wp-json\/wp\/v2\/posts\/3390\/revisions"}],"predecessor-version":[{"id":3555,"href":"https:\/\/petrana-sabolek.net\/index.php\/wp-json\/wp\/v2\/posts\/3390\/revisions\/3555"}],"wp:featuredmedia":[{"embeddable":true,"href":"https:\/\/petrana-sabolek.net\/index.php\/wp-json\/wp\/v2\/media\/3397"}],"wp:attachment":[{"href":"https:\/\/petrana-sabolek.net\/index.php\/wp-json\/wp\/v2\/media?parent=3390"}],"wp:term":[{"taxonomy":"category","embeddable":true,"href":"https:\/\/petrana-sabolek.net\/index.php\/wp-json\/wp\/v2\/categories?post=3390"},{"taxonomy":"post_tag","embeddable":true,"href":"https:\/\/petrana-sabolek.net\/index.php\/wp-json\/wp\/v2\/tags?post=3390"}],"curies":[{"name":"wp","href":"https:\/\/api.w.org\/{rel}","templated":true}]}}