{"id":3402,"date":"2022-12-31T19:37:38","date_gmt":"2022-12-31T19:37:38","guid":{"rendered":"https:\/\/petrana-sabolek.net\/?p=3402"},"modified":"2023-03-01T16:01:18","modified_gmt":"2023-03-01T16:01:18","slug":"uz-posljednji-dan-2022-plast-noci","status":"publish","type":"post","link":"https:\/\/petrana-sabolek.net\/index.php\/2022\/12\/31\/uz-posljednji-dan-2022-plast-noci\/","title":{"rendered":"UZ POSLJEDNJI DAN 2022., &#8220;PLA\u0160T NO\u0106I&#8221; IZ ZBIRKE &#8220;POETSKI FLE\u0160BEK, 2019."},"content":{"rendered":"<p><img loading=\"lazy\" decoding=\"async\" class=\"alignnone size-large wp-image-3282\" src=\"https:\/\/petrana-sabolek.net\/wp-content\/uploads\/2022\/11\/Stokajbre-Dm8q7fb-1024x640.jpg\" alt=\"\" width=\"1024\" height=\"640\" srcset=\"https:\/\/petrana-sabolek.net\/wp-content\/uploads\/2022\/11\/Stokajbre-Dm8q7fb-980x613.jpg 980w, https:\/\/petrana-sabolek.net\/wp-content\/uploads\/2022\/11\/Stokajbre-Dm8q7fb-480x300.jpg 480w\" sizes=\"auto, (min-width: 0px) and (max-width: 480px) 480px, (min-width: 481px) and (max-width: 980px) 980px, (min-width: 981px) 1024px, 100vw\" \/><\/p>\n<p>Jo\u0161 jedan dan \u0107e nepovratno sa scene<\/p>\n<p>jo\u0161 jedna no\u0107 \u0107e prekriti grad<\/p>\n<p>jo\u0161 jednom \u0107e tmina usko\u010diti u zjene<\/p>\n<p>na djelu jo\u0161 jedan nebeski sklad.<\/p>\n<p>&nbsp;<\/p>\n<p>Dnevne vreve ve\u0107 odavna nema<\/p>\n<p>iz mrkle kro\u0161nje javlja se \u0107uk<\/p>\n<p>uli\u010dna svjetiljka treperavo drijema<\/p>\n<p>u uhu vri\u0161ti pono\u0107ni muk.<\/p>\n<p>&nbsp;<\/p>\n<p>A iza okna u postelji za dvoje<\/p>\n<p>ljubavnu strast skriva intima<\/p>\n<p>ustreptala tijela pri\u010daju svoje<\/p>\n<p>zanos<\/p>\n<p>ekstaza<\/p>\n<p>ljubavna plima&#8230;<\/p>\n<p>&nbsp;<\/p>\n<p>No ni ta no\u0107 budu\u0107nost nema<\/p>\n<p>uzalud i ljubav<\/p>\n<p>i intima<\/p>\n<p>i strast<\/p>\n<p>sunce na obzoru \u2013<\/p>\n<p>ekstaza drijema<\/p>\n<p>pla\u0161t no\u0107i gubi i posljednju tmast.<\/p>\n<p>&nbsp;<\/p>\n<p>&nbsp;<\/p>\n","protected":false},"excerpt":{"rendered":"<p>Jo\u0161 jedan dan \u0107e nepovratno sa scene jo\u0161 jedna no\u0107 \u0107e prekriti grad jo\u0161 jednom \u0107e tmina usko\u010diti u zjene na djelu jo\u0161 jedan nebeski sklad. &nbsp; Dnevne vreve ve\u0107 odavna nema iz mrkle kro\u0161nje javlja se \u0107uk uli\u010dna svjetiljka treperavo drijema u uhu vri\u0161ti pono\u0107ni muk. &nbsp; A iza okna u postelji za dvoje [&hellip;]<\/p>\n","protected":false},"author":1,"featured_media":3282,"comment_status":"open","ping_status":"open","sticky":false,"template":"","format":"gallery","meta":{"_et_pb_use_builder":"","_et_pb_old_content":"","_et_gb_content_width":"","footnotes":""},"categories":[7,3,1,6],"tags":[],"class_list":["post-3402","post","type-post","status-publish","format-gallery","has-post-thumbnail","hentry","category-blog","category-poezija","category-uncategorized","category-uz-dan","post_format-post-format-gallery"],"_links":{"self":[{"href":"https:\/\/petrana-sabolek.net\/index.php\/wp-json\/wp\/v2\/posts\/3402","targetHints":{"allow":["GET"]}}],"collection":[{"href":"https:\/\/petrana-sabolek.net\/index.php\/wp-json\/wp\/v2\/posts"}],"about":[{"href":"https:\/\/petrana-sabolek.net\/index.php\/wp-json\/wp\/v2\/types\/post"}],"author":[{"embeddable":true,"href":"https:\/\/petrana-sabolek.net\/index.php\/wp-json\/wp\/v2\/users\/1"}],"replies":[{"embeddable":true,"href":"https:\/\/petrana-sabolek.net\/index.php\/wp-json\/wp\/v2\/comments?post=3402"}],"version-history":[{"count":9,"href":"https:\/\/petrana-sabolek.net\/index.php\/wp-json\/wp\/v2\/posts\/3402\/revisions"}],"predecessor-version":[{"id":3489,"href":"https:\/\/petrana-sabolek.net\/index.php\/wp-json\/wp\/v2\/posts\/3402\/revisions\/3489"}],"wp:featuredmedia":[{"embeddable":true,"href":"https:\/\/petrana-sabolek.net\/index.php\/wp-json\/wp\/v2\/media\/3282"}],"wp:attachment":[{"href":"https:\/\/petrana-sabolek.net\/index.php\/wp-json\/wp\/v2\/media?parent=3402"}],"wp:term":[{"taxonomy":"category","embeddable":true,"href":"https:\/\/petrana-sabolek.net\/index.php\/wp-json\/wp\/v2\/categories?post=3402"},{"taxonomy":"post_tag","embeddable":true,"href":"https:\/\/petrana-sabolek.net\/index.php\/wp-json\/wp\/v2\/tags?post=3402"}],"curies":[{"name":"wp","href":"https:\/\/api.w.org\/{rel}","templated":true}]}}