{"id":3420,"date":"2023-01-17T17:54:43","date_gmt":"2023-01-17T17:54:43","guid":{"rendered":"https:\/\/petrana-sabolek.net\/?p=3420"},"modified":"2023-01-17T19:53:15","modified_gmt":"2023-01-17T19:53:15","slug":"rijec-s-autoritetom-aleksandar-baljak","status":"publish","type":"post","link":"https:\/\/petrana-sabolek.net\/index.php\/2023\/01\/17\/rijec-s-autoritetom-aleksandar-baljak\/","title":{"rendered":"RIJE\u010c S AUTORITETOM \u2013 Aleksandar Baljak"},"content":{"rendered":"<p><img loading=\"lazy\" decoding=\"async\" class=\"alignnone wp-image-1996 size-full\" src=\"https:\/\/petrana-sabolek.net\/wp-content\/uploads\/2022\/02\/mudre-misli.png\" alt=\"\" width=\"903\" height=\"707\" srcset=\"https:\/\/petrana-sabolek.net\/wp-content\/uploads\/2022\/02\/mudre-misli.png 903w, https:\/\/petrana-sabolek.net\/wp-content\/uploads\/2022\/02\/mudre-misli-480x376.png 480w\" sizes=\"auto, (min-width: 0px) and (max-width: 480px) 480px, (min-width: 481px) 903px, 100vw\" \/>\u201eNjegovu knjigu nije lako \u010ditati. To ni recenzentima nije po\u0161lo za rukom.\u201c ka\u017ee srpski aforisti\u010dar Aleksandar Baljak \u201eza sebe\u201c, no njemu recenzenti i ne trebaju. \u010citatelji su u tom smislu najmjerodavniji pa se ja ispri\u010davam ostalima aforisti\u010darima \u0161to njega naj\u010de\u0161\u0107e i predstavljam. \u201eZa neke aforizme \u017ealim \u0161to ih ja nisam napisao, ali nikad nije kasno.\u201c ka\u017ee najbolji, a da uistinu nije kasno potvr\u0111uje brojnost objavljenih zbirki i osvojenih nagrada. Najduhovitiji na ra\u010dun svog, srpskog naroda, no iz njegove prebogate riznice predstavljam desetak onih za koje ne mo\u017eemo re\u0107i da se ne ti\u010du i nas.<\/p>\n<p>\u201eBira\u0107emo ih dok im ne dosadi, ne mogu ni oni ve\u010dno.\u201c<\/p>\n<p>\u201eNa politi\u010dkoj klackalici prevagnuo je narod. I ostao dole.\u201c<\/p>\n<p>\u201eToliko su nam redovi zbijeni da pojedinci nemaju \u0161ta da tra\u017ee me\u0111u nama.\u201c<\/p>\n<p>\u201eBrbljive ribe karijeru nastavljaju u konzervi.\u201c<\/p>\n<p>\u201eGlave prosto lete koliko je misao slobodna.\u201c<\/p>\n<p>\u201ePutevi nam se razilaze, sudar je neizbe\u017ean.\u201c<\/p>\n<p>\u201ePre trke bio je favorit, a posle opet konj.\u201c<\/p>\n<p>\u201eNa sastanku niko nije govorio u vetar, sve je uneto u zapisnik.\u201c<\/p>\n<p>\u201eBog i batina, kakav sjajan primer udru\u017eenog rada!\u201c<\/p>\n<p>\u201eOni koji \u017eive od danas do sutra treba jo\u0161 samo malo da se strpe.\u201c<\/p>\n<p>\u201eNa\u0161a najbolja satira nastala je u ru\u017enim vremenima,\u00a0a za savremenu dolaze bolji dani.\u201c<\/p>\n<p>&nbsp;<\/p>\n","protected":false},"excerpt":{"rendered":"<p>\u201eNjegovu knjigu nije lako \u010ditati. To ni recenzentima nije po\u0161lo za rukom.\u201c ka\u017ee srpski aforisti\u010dar Aleksandar Baljak \u201eza sebe\u201c, no njemu recenzenti i ne trebaju. \u010citatelji su u tom smislu najmjerodavniji pa se ja ispri\u010davam ostalima aforisti\u010darima \u0161to njega naj\u010de\u0161\u0107e i predstavljam. \u201eZa neke aforizme \u017ealim \u0161to ih ja nisam napisao, ali nikad nije kasno.\u201c [&hellip;]<\/p>\n","protected":false},"author":1,"featured_media":1996,"comment_status":"open","ping_status":"open","sticky":false,"template":"","format":"gallery","meta":{"_et_pb_use_builder":"","_et_pb_old_content":"","_et_gb_content_width":"","footnotes":""},"categories":[7,5,1],"tags":[],"class_list":["post-3420","post","type-post","status-publish","format-gallery","has-post-thumbnail","hentry","category-blog","category-mudre-misli-aforizmi-izreke-poslovice","category-uncategorized","post_format-post-format-gallery"],"_links":{"self":[{"href":"https:\/\/petrana-sabolek.net\/index.php\/wp-json\/wp\/v2\/posts\/3420","targetHints":{"allow":["GET"]}}],"collection":[{"href":"https:\/\/petrana-sabolek.net\/index.php\/wp-json\/wp\/v2\/posts"}],"about":[{"href":"https:\/\/petrana-sabolek.net\/index.php\/wp-json\/wp\/v2\/types\/post"}],"author":[{"embeddable":true,"href":"https:\/\/petrana-sabolek.net\/index.php\/wp-json\/wp\/v2\/users\/1"}],"replies":[{"embeddable":true,"href":"https:\/\/petrana-sabolek.net\/index.php\/wp-json\/wp\/v2\/comments?post=3420"}],"version-history":[{"count":3,"href":"https:\/\/petrana-sabolek.net\/index.php\/wp-json\/wp\/v2\/posts\/3420\/revisions"}],"predecessor-version":[{"id":3424,"href":"https:\/\/petrana-sabolek.net\/index.php\/wp-json\/wp\/v2\/posts\/3420\/revisions\/3424"}],"wp:featuredmedia":[{"embeddable":true,"href":"https:\/\/petrana-sabolek.net\/index.php\/wp-json\/wp\/v2\/media\/1996"}],"wp:attachment":[{"href":"https:\/\/petrana-sabolek.net\/index.php\/wp-json\/wp\/v2\/media?parent=3420"}],"wp:term":[{"taxonomy":"category","embeddable":true,"href":"https:\/\/petrana-sabolek.net\/index.php\/wp-json\/wp\/v2\/categories?post=3420"},{"taxonomy":"post_tag","embeddable":true,"href":"https:\/\/petrana-sabolek.net\/index.php\/wp-json\/wp\/v2\/tags?post=3420"}],"curies":[{"name":"wp","href":"https:\/\/api.w.org\/{rel}","templated":true}]}}