{"id":3426,"date":"2023-01-23T23:56:24","date_gmt":"2023-01-23T23:56:24","guid":{"rendered":"https:\/\/petrana-sabolek.net\/?p=3426"},"modified":"2023-03-01T15:53:16","modified_gmt":"2023-03-01T15:53:16","slug":"povesmo-pretekloga-zivljenja","status":"publish","type":"post","link":"https:\/\/petrana-sabolek.net\/index.php\/2023\/01\/23\/povesmo-pretekloga-zivljenja\/","title":{"rendered":"&#8220;POVESMO PRETEKLOGA \u017dIVLJENJA&#8221;, PJESMA IZ POETSKE ZBIRKE &#8220;KIPECI BOGE\u010cKI&#8221;, 2009."},"content":{"rendered":"<p><img loading=\"lazy\" decoding=\"async\" class=\"alignnone wp-image-3327\" src=\"https:\/\/petrana-sabolek.net\/wp-content\/uploads\/2022\/11\/Kipeci-bogecki-Knjiga-4-kipeci_naslovnica-bez-naslova.jpg\" alt=\"\" width=\"277\" height=\"327\" srcset=\"https:\/\/petrana-sabolek.net\/wp-content\/uploads\/2022\/11\/Kipeci-bogecki-Knjiga-4-kipeci_naslovnica-bez-naslova.jpg 280w, https:\/\/petrana-sabolek.net\/wp-content\/uploads\/2022\/11\/Kipeci-bogecki-Knjiga-4-kipeci_naslovnica-bez-naslova-254x300.jpg 254w\" sizes=\"auto, (max-width: 277px) 100vw, 277px\" \/>Preplitka je pamet za odteklo vreme,<\/p>\n<p>za \u010duvanje &#8216;braza cele vojske ljudstva<\/p>\n<p>i fnogih zgodovina od bogzna gda,<\/p>\n<p>bogzna s kim i zakaj.<\/p>\n<p>&nbsp;<\/p>\n<p>Spreluknjav se spomen<\/p>\n<p>pak kak \u010drez sito<\/p>\n<p>curiju slike<\/p>\n<p>i starih coklji<\/p>\n<p>i zacofutani conjki<\/p>\n<p>i \u017euljnjate roke<\/p>\n<p>i zdelana tela<\/p>\n<p>i bogatstvo re\u010di<\/p>\n<p>ve\u010d do kraja potepeno.<\/p>\n<p>&nbsp;<\/p>\n<p>A \u010dos i dalje othalja<\/p>\n<p>i zato je treba \u010dim prejdi splesti<\/p>\n<p>povesmo pretekloga \u017eivljenja<\/p>\n<p>gda denes ve\u010d niti lena<\/p>\n<p>nit&#8217; kodelje nega<\/p>\n<p>za potku<\/p>\n<p>na ku bi se natrukav makar fala\u010dec skupnoga<\/p>\n<p>i\u0161\u010de nepozabljenoga<\/p>\n<p>ali meglenom klopku<\/p>\n<p>v zodnji \u010dos otrgjenoga pretekloga \u017eivljenja.<\/p>\n","protected":false},"excerpt":{"rendered":"<p>Preplitka je pamet za odteklo vreme, za \u010duvanje &#8216;braza cele vojske ljudstva i fnogih zgodovina od bogzna gda, bogzna s kim i zakaj. &nbsp; Spreluknjav se spomen pak kak \u010drez sito curiju slike i starih coklji i zacofutani conjki i \u017euljnjate roke i zdelana tela i bogatstvo re\u010di ve\u010d do kraja potepeno. &nbsp; A \u010dos [&hellip;]<\/p>\n","protected":false},"author":1,"featured_media":3327,"comment_status":"open","ping_status":"open","sticky":false,"template":"","format":"gallery","meta":{"_et_pb_use_builder":"","_et_pb_old_content":"","_et_gb_content_width":"","footnotes":""},"categories":[7,12,3,1],"tags":[],"class_list":["post-3426","post","type-post","status-publish","format-gallery","has-post-thumbnail","hentry","category-blog","category-kajkavstina","category-poezija","category-uncategorized","post_format-post-format-gallery"],"_links":{"self":[{"href":"https:\/\/petrana-sabolek.net\/index.php\/wp-json\/wp\/v2\/posts\/3426","targetHints":{"allow":["GET"]}}],"collection":[{"href":"https:\/\/petrana-sabolek.net\/index.php\/wp-json\/wp\/v2\/posts"}],"about":[{"href":"https:\/\/petrana-sabolek.net\/index.php\/wp-json\/wp\/v2\/types\/post"}],"author":[{"embeddable":true,"href":"https:\/\/petrana-sabolek.net\/index.php\/wp-json\/wp\/v2\/users\/1"}],"replies":[{"embeddable":true,"href":"https:\/\/petrana-sabolek.net\/index.php\/wp-json\/wp\/v2\/comments?post=3426"}],"version-history":[{"count":4,"href":"https:\/\/petrana-sabolek.net\/index.php\/wp-json\/wp\/v2\/posts\/3426\/revisions"}],"predecessor-version":[{"id":3484,"href":"https:\/\/petrana-sabolek.net\/index.php\/wp-json\/wp\/v2\/posts\/3426\/revisions\/3484"}],"wp:featuredmedia":[{"embeddable":true,"href":"https:\/\/petrana-sabolek.net\/index.php\/wp-json\/wp\/v2\/media\/3327"}],"wp:attachment":[{"href":"https:\/\/petrana-sabolek.net\/index.php\/wp-json\/wp\/v2\/media?parent=3426"}],"wp:term":[{"taxonomy":"category","embeddable":true,"href":"https:\/\/petrana-sabolek.net\/index.php\/wp-json\/wp\/v2\/categories?post=3426"},{"taxonomy":"post_tag","embeddable":true,"href":"https:\/\/petrana-sabolek.net\/index.php\/wp-json\/wp\/v2\/tags?post=3426"}],"curies":[{"name":"wp","href":"https:\/\/api.w.org\/{rel}","templated":true}]}}