{"id":3437,"date":"2023-02-08T22:32:31","date_gmt":"2023-02-08T22:32:31","guid":{"rendered":"https:\/\/petrana-sabolek.net\/?p=3437"},"modified":"2023-03-01T15:51:45","modified_gmt":"2023-03-01T15:51:45","slug":"svjetlost-poetski-flesbek-2019","status":"publish","type":"post","link":"https:\/\/petrana-sabolek.net\/index.php\/2023\/02\/08\/svjetlost-poetski-flesbek-2019\/","title":{"rendered":"&#8220;SVJETLOST&#8221;, PJESMA IZ ZBIRKE &#8220;POETSKI FLE\u0160BEK&#8221;, 2019."},"content":{"rendered":"<p><img loading=\"lazy\" decoding=\"async\" class=\"alignnone size-large wp-image-3438\" src=\"https:\/\/petrana-sabolek.net\/wp-content\/uploads\/2023\/02\/naslovnica-1-1920x900-1-1024x480.jpg\" alt=\"\" width=\"1024\" height=\"480\" srcset=\"https:\/\/petrana-sabolek.net\/wp-content\/uploads\/2023\/02\/naslovnica-1-1920x900-1-980x459.jpg 980w, https:\/\/petrana-sabolek.net\/wp-content\/uploads\/2023\/02\/naslovnica-1-1920x900-1-480x225.jpg 480w\" sizes=\"auto, (min-width: 0px) and (max-width: 480px) 480px, (min-width: 481px) and (max-width: 980px) 980px, (min-width: 981px) 1024px, 100vw\" \/><\/p>\n<p>Stiglo nas je neko neveselo doba pa zaredalo s ispra\u0107anjem dragih ljudi, a uz osobnu uhitila i sezonska kronika pa gu\u0161e i tlak, i ka\u0161alj, i alergije, a i viroza pu\u0161e za vratom kao \u0161to zima vani prijeti vijavicom. S rup\u010di\u0107em u ruci tupo zurim kroz prozor pa iako snje\u017ena bjelina samo o ci\u010da zimi svjedo\u010di ja svejednako piljim u taj bijeli \u017ear nadaju\u0107i se ugledati izgubljenu svjetlost. Ne znam kako izgleda, a i te\u0161ko ju je definirati, no s du\u0161e valja sprati \u010demer-trnje i \u010dovjeka ponovo postaviti na noge. I nije to nada, nije ni \u017eelja jo\u0161 manje nalog, no ta, svjetlost, kako ju ovdje nazivam svakako mora do\u0107i, naprosto se mora pojaviti ba\u0161 kao \u0161to poslije ki\u0161e uvijek nanovo izroni sunce da s oro\u0161ene zemlje spere mokri trag.<\/p>\n<p>&nbsp;<\/p>\n","protected":false},"excerpt":{"rendered":"<p>Stiglo nas je neko neveselo doba pa zaredalo s ispra\u0107anjem dragih ljudi, a uz osobnu uhitila i sezonska kronika pa gu\u0161e i tlak, i ka\u0161alj, i alergije, a i viroza pu\u0161e za vratom kao \u0161to zima vani prijeti vijavicom. S rup\u010di\u0107em u ruci tupo zurim kroz prozor pa iako snje\u017ena bjelina samo o ci\u010da zimi [&hellip;]<\/p>\n","protected":false},"author":1,"featured_media":3439,"comment_status":"open","ping_status":"open","sticky":false,"template":"","format":"gallery","meta":{"_et_pb_use_builder":"","_et_pb_old_content":"","_et_gb_content_width":"","footnotes":""},"categories":[7,3,1],"tags":[],"class_list":["post-3437","post","type-post","status-publish","format-gallery","has-post-thumbnail","hentry","category-blog","category-poezija","category-uncategorized","post_format-post-format-gallery"],"_links":{"self":[{"href":"https:\/\/petrana-sabolek.net\/index.php\/wp-json\/wp\/v2\/posts\/3437","targetHints":{"allow":["GET"]}}],"collection":[{"href":"https:\/\/petrana-sabolek.net\/index.php\/wp-json\/wp\/v2\/posts"}],"about":[{"href":"https:\/\/petrana-sabolek.net\/index.php\/wp-json\/wp\/v2\/types\/post"}],"author":[{"embeddable":true,"href":"https:\/\/petrana-sabolek.net\/index.php\/wp-json\/wp\/v2\/users\/1"}],"replies":[{"embeddable":true,"href":"https:\/\/petrana-sabolek.net\/index.php\/wp-json\/wp\/v2\/comments?post=3437"}],"version-history":[{"count":3,"href":"https:\/\/petrana-sabolek.net\/index.php\/wp-json\/wp\/v2\/posts\/3437\/revisions"}],"predecessor-version":[{"id":3482,"href":"https:\/\/petrana-sabolek.net\/index.php\/wp-json\/wp\/v2\/posts\/3437\/revisions\/3482"}],"wp:featuredmedia":[{"embeddable":true,"href":"https:\/\/petrana-sabolek.net\/index.php\/wp-json\/wp\/v2\/media\/3439"}],"wp:attachment":[{"href":"https:\/\/petrana-sabolek.net\/index.php\/wp-json\/wp\/v2\/media?parent=3437"}],"wp:term":[{"taxonomy":"category","embeddable":true,"href":"https:\/\/petrana-sabolek.net\/index.php\/wp-json\/wp\/v2\/categories?post=3437"},{"taxonomy":"post_tag","embeddable":true,"href":"https:\/\/petrana-sabolek.net\/index.php\/wp-json\/wp\/v2\/tags?post=3437"}],"curies":[{"name":"wp","href":"https:\/\/api.w.org\/{rel}","templated":true}]}}