{"id":3454,"date":"2023-02-23T20:20:26","date_gmt":"2023-02-23T20:20:26","guid":{"rendered":"https:\/\/petrana-sabolek.net\/?p=3454"},"modified":"2023-03-02T19:17:44","modified_gmt":"2023-03-02T19:17:44","slug":"uz-24-veljace-godisnjicu-agresije-rusije-na-ukrajinu-branitelj-nacije","status":"publish","type":"post","link":"https:\/\/petrana-sabolek.net\/index.php\/2023\/02\/23\/uz-24-veljace-godisnjicu-agresije-rusije-na-ukrajinu-branitelj-nacije\/","title":{"rendered":"UZ  24. VELJA\u010cE, GODI\u0160NJICU AGRESIJE RUSIJE NA UKRAJINU, &#8220;BRANITELJ&#8221; NACIJE"},"content":{"rendered":"<p><img loading=\"lazy\" decoding=\"async\" class=\"alignnone size-large wp-image-3456\" src=\"https:\/\/petrana-sabolek.net\/wp-content\/uploads\/2023\/02\/qw5vm1673760524-1024x683.jpg\" alt=\"\" width=\"1024\" height=\"683\" srcset=\"https:\/\/petrana-sabolek.net\/wp-content\/uploads\/2023\/02\/qw5vm1673760524-980x653.jpg 980w, https:\/\/petrana-sabolek.net\/wp-content\/uploads\/2023\/02\/qw5vm1673760524-480x320.jpg 480w\" sizes=\"auto, (min-width: 0px) and (max-width: 480px) 480px, (min-width: 481px) and (max-width: 980px) 980px, (min-width: 981px) 1024px, 100vw\" \/><\/p>\n<p>Svijet gleda, statistika bilje\u017ei, a i danas vrijedi ona da su u la\u017ei kratke noge.<\/p>\n<p>Govorim o la\u017eima \u0161to smo ih se naslu\u0161ali na posljednjem godi\u0161njem govoru u parlamentu &#8220;branitelja&#8221; nacije i tradicionalnih vrijednosti, kojemu vlastiti narod neka vjeruje,\u00a0nije zabranjeno, no svijet ne mo\u017ee.<\/p>\n<p>Pljunuo mu je u lice upravo toga \u010dasa u tom parlamentu osporiv\u0161i sve dotad potpisane sporazume, a pred godi\u0161njicu agresije na miran susjedski narod, genocidom i egzodusom nevi\u0111enima na europskom tlu od II. svjetskog rata usudio se ustvrditi: \u201e\u2026 oni su po\u010deli rat, a mi smo koristili silu da ga sprije\u010dimo.\u201c<\/p>\n<p>Ne shva\u0107a &#8220;branitelj&#8221; nacije da sam sebe lovi u la\u017ei: govori u pro\u0161lom vremenu, a rat jo\u0161 uvijek traje, govori o sili u korist sprje\u010davanja rata koju \u0107e jo\u0161 i poja\u010dati novim naoru\u017eanjem i u\u010diniti sve za pobjedu i samodostatnost nacije\u2026 (?!)<\/p>\n<p>\u201eO \u010demu pri\u010da?\u201c govori muk me\u0111u zale\u0111enim zastupnicima oba doma, no nitko ni da pisne na upravo izre\u010den: govor apsurda, nacisti\u010dku retoriku, o\u010diglednu zamjenu teza, iskrivljenu filozofiju, pomu\u0107enost uma, licemjerstvo,\u00a0ne\u010dovje\u010dnost, ili \u0161to ve\u0107, makar samo i na izgovorene la\u017ei kojima, kako mu i samo tijelo govorilo \u2013 ni sam ne vjeruje.<\/p>\n<p>Razumijem situaciju: pa ne\u0161to mora re\u0107i, to je ipak godi\u0161nje obra\u0107anje naciji, a postoje\u0107a zbilja mu uistinu ne ide na ruku: poginulih na tu\u0111em teritoriju je i previ\u0161e a pobjede jo\u0161 uvijek nema, a i kako zaobi\u0107i apsolutizam naspram mira i demokracije, tih jedinih postulata novoga doba, kojima mu valja izbje\u0107i &#8211; bijegom od svijeta u svoju carsku samodostatnost.<\/p>\n<p>Razumijem i zastupnike: govor njihovih mumificiranih lica nije odavao vjeru i nadu u bolje sutra, a rad ruku, pak, gromoglasnim strahopljeskom svjedo\u010dio je o vremenu: nije za igru \u2013 Sibir nije daleko.<\/p>\n<p>&nbsp;<\/p>\n<p>&nbsp;<\/p>\n<p>&nbsp;<\/p>\n","protected":false},"excerpt":{"rendered":"<p>Svijet gleda, statistika bilje\u017ei, a i danas vrijedi ona da su u la\u017ei kratke noge. Govorim o la\u017eima \u0161to smo ih se naslu\u0161ali na posljednjem godi\u0161njem govoru u parlamentu &#8220;branitelja&#8221; nacije i tradicionalnih vrijednosti, kojemu vlastiti narod neka vjeruje,\u00a0nije zabranjeno, no svijet ne mo\u017ee. Pljunuo mu je u lice upravo toga \u010dasa u tom parlamentu [&hellip;]<\/p>\n","protected":false},"author":1,"featured_media":3456,"comment_status":"open","ping_status":"open","sticky":false,"template":"","format":"gallery","meta":{"_et_pb_use_builder":"","_et_pb_old_content":"","_et_gb_content_width":"","footnotes":""},"categories":[7,3,6],"tags":[],"class_list":["post-3454","post","type-post","status-publish","format-gallery","has-post-thumbnail","hentry","category-blog","category-poezija","category-uz-dan","post_format-post-format-gallery"],"_links":{"self":[{"href":"https:\/\/petrana-sabolek.net\/index.php\/wp-json\/wp\/v2\/posts\/3454","targetHints":{"allow":["GET"]}}],"collection":[{"href":"https:\/\/petrana-sabolek.net\/index.php\/wp-json\/wp\/v2\/posts"}],"about":[{"href":"https:\/\/petrana-sabolek.net\/index.php\/wp-json\/wp\/v2\/types\/post"}],"author":[{"embeddable":true,"href":"https:\/\/petrana-sabolek.net\/index.php\/wp-json\/wp\/v2\/users\/1"}],"replies":[{"embeddable":true,"href":"https:\/\/petrana-sabolek.net\/index.php\/wp-json\/wp\/v2\/comments?post=3454"}],"version-history":[{"count":6,"href":"https:\/\/petrana-sabolek.net\/index.php\/wp-json\/wp\/v2\/posts\/3454\/revisions"}],"predecessor-version":[{"id":3463,"href":"https:\/\/petrana-sabolek.net\/index.php\/wp-json\/wp\/v2\/posts\/3454\/revisions\/3463"}],"wp:featuredmedia":[{"embeddable":true,"href":"https:\/\/petrana-sabolek.net\/index.php\/wp-json\/wp\/v2\/media\/3456"}],"wp:attachment":[{"href":"https:\/\/petrana-sabolek.net\/index.php\/wp-json\/wp\/v2\/media?parent=3454"}],"wp:term":[{"taxonomy":"category","embeddable":true,"href":"https:\/\/petrana-sabolek.net\/index.php\/wp-json\/wp\/v2\/categories?post=3454"},{"taxonomy":"post_tag","embeddable":true,"href":"https:\/\/petrana-sabolek.net\/index.php\/wp-json\/wp\/v2\/tags?post=3454"}],"curies":[{"name":"wp","href":"https:\/\/api.w.org\/{rel}","templated":true}]}}