{"id":3601,"date":"2023-03-02T19:41:32","date_gmt":"2023-03-02T19:41:32","guid":{"rendered":"https:\/\/petrana-sabolek.net\/?p=3601"},"modified":"2023-03-02T19:42:16","modified_gmt":"2023-03-02T19:42:16","slug":"mrak-ili-tama-pjesma-iz-poetskog-rukopisa-niti-spone-relacije","status":"publish","type":"post","link":"https:\/\/petrana-sabolek.net\/index.php\/2023\/03\/02\/mrak-ili-tama-pjesma-iz-poetskog-rukopisa-niti-spone-relacije\/","title":{"rendered":"&#8220;MRAK ILI TAMA&#8221;, PJESMA IZ POETSKOG RUKOPISA &#8220;NITI, SPONE, RELACIJE&#8221;"},"content":{"rendered":"<p><img loading=\"lazy\" decoding=\"async\" class=\"alignnone size-large wp-image-3602\" src=\"https:\/\/petrana-sabolek.net\/wp-content\/uploads\/2023\/03\/tunnel-4496526_1920-1024x572.jpg\" alt=\"\" width=\"1024\" height=\"572\" srcset=\"https:\/\/petrana-sabolek.net\/wp-content\/uploads\/2023\/03\/tunnel-4496526_1920-980x548.jpg 980w, https:\/\/petrana-sabolek.net\/wp-content\/uploads\/2023\/03\/tunnel-4496526_1920-480x268.jpg 480w\" sizes=\"auto, (min-width: 0px) and (max-width: 480px) 480px, (min-width: 481px) and (max-width: 980px) 980px, (min-width: 981px) 1024px, 100vw\" \/><\/p>\n<p>Mrak ili tama, pomr\u010dina ili tmina, sitne razlike ne mijenjaju su\u0161tinu \u2013 crno je crno.<\/p>\n<p>Obi\u010dan mrak stanje je bez svjetla u no\u0107ima bez mjese\u010devog sjaja, na ulici kad redukcija pogasi uli\u010dnu rasvjetu, u samotnim ku\u0107ama u kojima vi\u0161e nema tko upaliti svjetlo, u podrumu, ormaru, bunkeru i sli\u010dnom pribje\u017ei\u0161tu u trenucima nemilosti ili straha.<\/p>\n<p>Tama ili tmina je mrak s respektom \u2013 \u017eivot bez ljubavi ili voljenog bi\u0107a, \u017eivot lica izobli\u010denih tugom, patnjom sva\u0111om i prijetnjama, \u017eivot sa sje\u0107anjem na nevoljene padove i bjegove, na la\u017ena obe\u0107anja i jalova o\u010dekivanja, na pogled u zid, u re\u0161etke, u mrak, osobito u besanu mo\u0107 kad sklopljene ruke mole za bar jo\u0161 jedan jutarnji osvit.<\/p>\n<p>&nbsp;<\/p>\n","protected":false},"excerpt":{"rendered":"<p>Mrak ili tama, pomr\u010dina ili tmina, sitne razlike ne mijenjaju su\u0161tinu \u2013 crno je crno. Obi\u010dan mrak stanje je bez svjetla u no\u0107ima bez mjese\u010devog sjaja, na ulici kad redukcija pogasi uli\u010dnu rasvjetu, u samotnim ku\u0107ama u kojima vi\u0161e nema tko upaliti svjetlo, u podrumu, ormaru, bunkeru i sli\u010dnom pribje\u017ei\u0161tu u trenucima nemilosti ili straha. [&hellip;]<\/p>\n","protected":false},"author":1,"featured_media":3602,"comment_status":"open","ping_status":"open","sticky":false,"template":"","format":"gallery","meta":{"_et_pb_use_builder":"","_et_pb_old_content":"","_et_gb_content_width":"","footnotes":""},"categories":[7,3,1],"tags":[],"class_list":["post-3601","post","type-post","status-publish","format-gallery","has-post-thumbnail","hentry","category-blog","category-poezija","category-uncategorized","post_format-post-format-gallery"],"_links":{"self":[{"href":"https:\/\/petrana-sabolek.net\/index.php\/wp-json\/wp\/v2\/posts\/3601","targetHints":{"allow":["GET"]}}],"collection":[{"href":"https:\/\/petrana-sabolek.net\/index.php\/wp-json\/wp\/v2\/posts"}],"about":[{"href":"https:\/\/petrana-sabolek.net\/index.php\/wp-json\/wp\/v2\/types\/post"}],"author":[{"embeddable":true,"href":"https:\/\/petrana-sabolek.net\/index.php\/wp-json\/wp\/v2\/users\/1"}],"replies":[{"embeddable":true,"href":"https:\/\/petrana-sabolek.net\/index.php\/wp-json\/wp\/v2\/comments?post=3601"}],"version-history":[{"count":2,"href":"https:\/\/petrana-sabolek.net\/index.php\/wp-json\/wp\/v2\/posts\/3601\/revisions"}],"predecessor-version":[{"id":3604,"href":"https:\/\/petrana-sabolek.net\/index.php\/wp-json\/wp\/v2\/posts\/3601\/revisions\/3604"}],"wp:featuredmedia":[{"embeddable":true,"href":"https:\/\/petrana-sabolek.net\/index.php\/wp-json\/wp\/v2\/media\/3602"}],"wp:attachment":[{"href":"https:\/\/petrana-sabolek.net\/index.php\/wp-json\/wp\/v2\/media?parent=3601"}],"wp:term":[{"taxonomy":"category","embeddable":true,"href":"https:\/\/petrana-sabolek.net\/index.php\/wp-json\/wp\/v2\/categories?post=3601"},{"taxonomy":"post_tag","embeddable":true,"href":"https:\/\/petrana-sabolek.net\/index.php\/wp-json\/wp\/v2\/tags?post=3601"}],"curies":[{"name":"wp","href":"https:\/\/api.w.org\/{rel}","templated":true}]}}