{"id":3606,"date":"2023-03-09T21:30:26","date_gmt":"2023-03-09T21:30:26","guid":{"rendered":"https:\/\/petrana-sabolek.net\/?p=3606"},"modified":"2023-06-19T13:15:49","modified_gmt":"2023-06-19T13:15:49","slug":"prigodna-osmomartovska","status":"publish","type":"post","link":"https:\/\/petrana-sabolek.net\/index.php\/2023\/03\/09\/prigodna-osmomartovska\/","title":{"rendered":"&#8220;PRIGODNA, OSMOMARTOVSKA&#8221; IZ POETSKOG RUKOPISA &#8220;NITI SPONE RELACIJE&#8221;"},"content":{"rendered":"<div class=\"x11i5rnm xat24cr x1mh8g0r x1vvkbs xdj266r x126k92a\">\n<div dir=\"auto\"><\/div>\n<\/div>\n<div class=\"x11i5rnm xat24cr x1mh8g0r x1vvkbs xtlvy1s x126k92a\">\n<div dir=\"auto\"><img loading=\"lazy\" decoding=\"async\" class=\"alignnone size-full wp-image-3607\" src=\"https:\/\/petrana-sabolek.net\/wp-content\/uploads\/2023\/03\/osmi-mart.jpg\" alt=\"\" width=\"700\" height=\"394\" srcset=\"https:\/\/petrana-sabolek.net\/wp-content\/uploads\/2023\/03\/osmi-mart.jpg 700w, https:\/\/petrana-sabolek.net\/wp-content\/uploads\/2023\/03\/osmi-mart-480x270.jpg 480w\" sizes=\"auto, (min-width: 0px) and (max-width: 480px) 480px, (min-width: 481px) 700px, 100vw\" \/>Sanjam neku novu svjetlost,<\/div>\n<div dir=\"auto\">dosad nepoznatu,<\/div>\n<div dir=\"auto\">\u0161to bi osna\u017eila \u010dovjeka novim elanom<\/div>\n<div dir=\"auto\">kako bi i opet smjelo,<\/div>\n<div dir=\"auto\">dignute glave i ozarena lica<\/div>\n<div dir=\"auto\">mogao naprijed.<\/div>\n<\/div>\n<div class=\"x11i5rnm xat24cr x1mh8g0r x1vvkbs xtlvy1s x126k92a\">\n<div dir=\"auto\">A moralo bi se pojaviti<\/div>\n<div dir=\"auto\">to,<\/div>\n<div dir=\"auto\">nepoznato,<\/div>\n<div dir=\"auto\">i popuniti praznine<\/div>\n<div dir=\"auto\">za \u010dovjekom i \u017eivotom<\/div>\n<div dir=\"auto\">nestalima na strati\u0161tu lu\u0111a\u010dkih ratnih pohoda,<\/div>\n<div dir=\"auto\">za zdravom zemljom i nezaga\u0111enom atmosferom<\/div>\n<div dir=\"auto\">dirigiranih profitom ili ljudskim nemarom,<\/div>\n<div dir=\"auto\">za razumnom toplinom sunca<\/div>\n<div dir=\"auto\">koja ne\u0107e otopiti grenlandske sante<\/div>\n<div dir=\"auto\">i potopiti i ono malo \u0161to u slavu na stari Zemaljski sjaj<\/div>\n<div dir=\"auto\">jo\u0161 ostalo, kako bi i Zemlja mogla opstati.<\/div>\n<\/div>\n<div class=\"x11i5rnm xat24cr x1mh8g0r x1vvkbs xtlvy1s x126k92a\">\n<div dir=\"auto\">A mogla bi, ako ju kona\u010dno preuzme \u017eenska ruka &#8211;<\/div>\n<div dir=\"auto\">razmi\u0161ljam tako na dana\u0161nji dan,<\/div>\n<div dir=\"auto\">dan \u017eena,<\/div>\n<div dir=\"auto\">bez kojih ionako ne bi moglo biti svijeta<\/div>\n<div dir=\"auto\">i u ime \u010dega neka je stoga i ovaj dana\u0161nji sretan<\/div>\n<div dir=\"auto\">najprije nama,<\/div>\n<div dir=\"auto\">\u017eenama,<\/div>\n<div dir=\"auto\">a potom i svijetu, \u0161to nas ima<\/div>\n<div dir=\"auto\">dok nas ima.<\/div>\n<\/div>\n","protected":false},"excerpt":{"rendered":"<p>Sanjam neku novu svjetlost, dosad nepoznatu, \u0161to bi osna\u017eila \u010dovjeka novim elanom kako bi i opet smjelo, dignute glave i ozarena lica mogao naprijed. A moralo bi se pojaviti to, nepoznato, i popuniti praznine za \u010dovjekom i \u017eivotom nestalima na strati\u0161tu lu\u0111a\u010dkih ratnih pohoda, za zdravom zemljom i nezaga\u0111enom atmosferom dirigiranih profitom ili ljudskim nemarom, [&hellip;]<\/p>\n","protected":false},"author":1,"featured_media":3607,"comment_status":"open","ping_status":"open","sticky":false,"template":"","format":"gallery","meta":{"_et_pb_use_builder":"","_et_pb_old_content":"","_et_gb_content_width":"","footnotes":""},"categories":[7,3,1,6],"tags":[],"class_list":["post-3606","post","type-post","status-publish","format-gallery","has-post-thumbnail","hentry","category-blog","category-poezija","category-uncategorized","category-uz-dan","post_format-post-format-gallery"],"_links":{"self":[{"href":"https:\/\/petrana-sabolek.net\/index.php\/wp-json\/wp\/v2\/posts\/3606","targetHints":{"allow":["GET"]}}],"collection":[{"href":"https:\/\/petrana-sabolek.net\/index.php\/wp-json\/wp\/v2\/posts"}],"about":[{"href":"https:\/\/petrana-sabolek.net\/index.php\/wp-json\/wp\/v2\/types\/post"}],"author":[{"embeddable":true,"href":"https:\/\/petrana-sabolek.net\/index.php\/wp-json\/wp\/v2\/users\/1"}],"replies":[{"embeddable":true,"href":"https:\/\/petrana-sabolek.net\/index.php\/wp-json\/wp\/v2\/comments?post=3606"}],"version-history":[{"count":4,"href":"https:\/\/petrana-sabolek.net\/index.php\/wp-json\/wp\/v2\/posts\/3606\/revisions"}],"predecessor-version":[{"id":3709,"href":"https:\/\/petrana-sabolek.net\/index.php\/wp-json\/wp\/v2\/posts\/3606\/revisions\/3709"}],"wp:featuredmedia":[{"embeddable":true,"href":"https:\/\/petrana-sabolek.net\/index.php\/wp-json\/wp\/v2\/media\/3607"}],"wp:attachment":[{"href":"https:\/\/petrana-sabolek.net\/index.php\/wp-json\/wp\/v2\/media?parent=3606"}],"wp:term":[{"taxonomy":"category","embeddable":true,"href":"https:\/\/petrana-sabolek.net\/index.php\/wp-json\/wp\/v2\/categories?post=3606"},{"taxonomy":"post_tag","embeddable":true,"href":"https:\/\/petrana-sabolek.net\/index.php\/wp-json\/wp\/v2\/tags?post=3606"}],"curies":[{"name":"wp","href":"https:\/\/api.w.org\/{rel}","templated":true}]}}