{"id":3620,"date":"2023-03-20T08:48:59","date_gmt":"2023-03-20T08:48:59","guid":{"rendered":"https:\/\/petrana-sabolek.net\/?p=3620"},"modified":"2023-06-19T13:18:37","modified_gmt":"2023-06-19T13:18:37","slug":"zavozlane-reci","status":"publish","type":"post","link":"https:\/\/petrana-sabolek.net\/index.php\/2023\/03\/20\/zavozlane-reci\/","title":{"rendered":"&#8220;ZAVOZLANE RE\u010cI&#8221; PJESMA IZ RUKOPISA KAJKAVSKE POEZIJE &#8220;RE\u010c V SPOMEN ZAKLEJENA&#8221;"},"content":{"rendered":"<p>&nbsp;<\/p>\n<p><img loading=\"lazy\" decoding=\"async\" class=\"alignnone size-large wp-image-3621\" src=\"https:\/\/petrana-sabolek.net\/wp-content\/uploads\/2023\/03\/655990f44bcd9e0b10c8-1024x682.png\" alt=\"\" width=\"1024\" height=\"682\" srcset=\"https:\/\/petrana-sabolek.net\/wp-content\/uploads\/2023\/03\/655990f44bcd9e0b10c8-1024x682.png 1024w, https:\/\/petrana-sabolek.net\/wp-content\/uploads\/2023\/03\/655990f44bcd9e0b10c8-980x653.png 980w, https:\/\/petrana-sabolek.net\/wp-content\/uploads\/2023\/03\/655990f44bcd9e0b10c8-480x320.png 480w\" sizes=\"auto, (min-width: 0px) and (max-width: 480px) 480px, (min-width: 481px) and (max-width: 980px) 980px, (min-width: 981px) 1024px, 100vw\" \/>Lefko bi i preklev<\/p>\n<p>da mi navek<\/p>\n<p>da bi \u0161tev nekaj veljkoga povedati<\/p>\n<p>sfaliju re\u010di:<\/p>\n<p>obi\u010dne<\/p>\n<p>svagdane\u0161nje<\/p>\n<p>ke i sodiju k malima<\/p>\n<p>pak zato i prehajaju kak i toti mali<\/p>\n<p>\u0161terih je od navek sigdar sigdi najve\u010d<\/p>\n<p>ali su sejeno navek v manjini.<\/p>\n<p>&nbsp;<\/p>\n<p>Zato im se furt sam jeno isto spo\u010ditavlje<\/p>\n<p>kaj se samo hujstrijo pak nadigavljeju v smislu<\/p>\n<p>ka bi spremenili i ovo i ono<\/p>\n<p>zmenjali i ove i one<\/p>\n<p>a brus<\/p>\n<p>re\u010di so sam za parodu<\/p>\n<p>pak ih ni zahrptni ve\u010d ne poslju\u0161aju<\/p>\n<p>nek f truc<\/p>\n<p>nasprotno<\/p>\n<p>i\u0161\u010de i dalje po svojem<\/p>\n<p>kak na pravom svojem<\/p>\n<p>tema malima zahrptno delaju.<\/p>\n<p>&nbsp;<\/p>\n<p>Ne velim kaj sleporiju<\/p>\n<p>kaj so na delu lejharije<\/p>\n<p>ciganije i tomu sli\u010dno<\/p>\n<p>(makar se toga v najvek\u0161em najde)<\/p>\n<p>ali kaj im sema v sakom primeru bolje ide.<\/p>\n<p>&nbsp;<\/p>\n<p>Preslepiju i malo bolje \u0161kolane<\/p>\n<p>tamve\u010d celoga naroda<\/p>\n<p>i to samo z onima<\/p>\n<p>malo bolje zavozlanima re\u010di<\/p>\n<p>sklepanima za svoj<\/p>\n<p>peklensko-prevarantski i pene\u017eljivo-fi\u0161kalski posel<\/p>\n<p>v \u0161terima ih ne mo\u010di potrti<\/p>\n<p>tamve\u010d<\/p>\n<p>ne ih je mo\u010di niti zastajti da zemeju re\u010d<\/p>\n<p>da se hapiju nakladati<\/p>\n<p>pak hitati kak z rukava postotek na postotek<\/p>\n<p>bolje fljetno nek cepanice za kozlicu<\/p>\n<p>pak zavuzavati i razvuzavati saku onu<\/p>\n<p>ku im slina na jezik donese<\/p>\n<p>doka\u010d meni moje<\/p>\n<p>obi\u010dne<\/p>\n<p>male<\/p>\n<p>nezavuzlane prokletnice<\/p>\n<p>nikak z vrha jezika<\/p>\n<p>kaj pak me sigdar tak rasrdi<\/p>\n<p>kaj bi si toga svojega<\/p>\n<p>najroj\u0161i na licu mesta odrezav<\/p>\n<p>i hitiv ga pod noge onima<\/p>\n<p>ki z svojima zavuzlanima<\/p>\n<p>tak mo\u010dno i sugestivno povedaju<\/p>\n<p>najve\u010d pak onoga v \u0161etero ni sami ne verjejo.<\/p>\n","protected":false},"excerpt":{"rendered":"<p>&nbsp; Lefko bi i preklev da mi navek da bi \u0161tev nekaj veljkoga povedati sfaliju re\u010di: obi\u010dne svagdane\u0161nje ke i sodiju k malima pak zato i prehajaju kak i toti mali \u0161terih je od navek sigdar sigdi najve\u010d ali su sejeno navek v manjini. &nbsp; Zato im se furt sam jeno isto spo\u010ditavlje kaj se [&hellip;]<\/p>\n","protected":false},"author":1,"featured_media":3621,"comment_status":"open","ping_status":"open","sticky":false,"template":"","format":"gallery","meta":{"_et_pb_use_builder":"","_et_pb_old_content":"","_et_gb_content_width":"","footnotes":""},"categories":[7,12,3,1],"tags":[],"class_list":["post-3620","post","type-post","status-publish","format-gallery","has-post-thumbnail","hentry","category-blog","category-kajkavstina","category-poezija","category-uncategorized","post_format-post-format-gallery"],"_links":{"self":[{"href":"https:\/\/petrana-sabolek.net\/index.php\/wp-json\/wp\/v2\/posts\/3620","targetHints":{"allow":["GET"]}}],"collection":[{"href":"https:\/\/petrana-sabolek.net\/index.php\/wp-json\/wp\/v2\/posts"}],"about":[{"href":"https:\/\/petrana-sabolek.net\/index.php\/wp-json\/wp\/v2\/types\/post"}],"author":[{"embeddable":true,"href":"https:\/\/petrana-sabolek.net\/index.php\/wp-json\/wp\/v2\/users\/1"}],"replies":[{"embeddable":true,"href":"https:\/\/petrana-sabolek.net\/index.php\/wp-json\/wp\/v2\/comments?post=3620"}],"version-history":[{"count":2,"href":"https:\/\/petrana-sabolek.net\/index.php\/wp-json\/wp\/v2\/posts\/3620\/revisions"}],"predecessor-version":[{"id":3711,"href":"https:\/\/petrana-sabolek.net\/index.php\/wp-json\/wp\/v2\/posts\/3620\/revisions\/3711"}],"wp:featuredmedia":[{"embeddable":true,"href":"https:\/\/petrana-sabolek.net\/index.php\/wp-json\/wp\/v2\/media\/3621"}],"wp:attachment":[{"href":"https:\/\/petrana-sabolek.net\/index.php\/wp-json\/wp\/v2\/media?parent=3620"}],"wp:term":[{"taxonomy":"category","embeddable":true,"href":"https:\/\/petrana-sabolek.net\/index.php\/wp-json\/wp\/v2\/categories?post=3620"},{"taxonomy":"post_tag","embeddable":true,"href":"https:\/\/petrana-sabolek.net\/index.php\/wp-json\/wp\/v2\/tags?post=3620"}],"curies":[{"name":"wp","href":"https:\/\/api.w.org\/{rel}","templated":true}]}}