{"id":3624,"date":"2023-03-30T08:27:36","date_gmt":"2023-03-30T08:27:36","guid":{"rendered":"https:\/\/petrana-sabolek.net\/?p=3624"},"modified":"2023-06-19T13:21:01","modified_gmt":"2023-06-19T13:21:01","slug":"pokidane-niti-vremena","status":"publish","type":"post","link":"https:\/\/petrana-sabolek.net\/index.php\/2023\/03\/30\/pokidane-niti-vremena\/","title":{"rendered":"&#8220;POKIDANE NITI VREMENA&#8221; PJESMA IZ POETSKOG RUKOPISA &#8220;NITI, SPONE, RELACIJE&#8221;"},"content":{"rendered":"<p><img loading=\"lazy\" decoding=\"async\" class=\"alignnone size-full wp-image-3433\" src=\"https:\/\/petrana-sabolek.net\/wp-content\/uploads\/2023\/01\/231362.jpg\" alt=\"\" width=\"1024\" height=\"682\" srcset=\"https:\/\/petrana-sabolek.net\/wp-content\/uploads\/2023\/01\/231362.jpg 1024w, https:\/\/petrana-sabolek.net\/wp-content\/uploads\/2023\/01\/231362-980x653.jpg 980w, https:\/\/petrana-sabolek.net\/wp-content\/uploads\/2023\/01\/231362-480x320.jpg 480w\" sizes=\"auto, (min-width: 0px) and (max-width: 480px) 480px, (min-width: 481px) and (max-width: 980px) 980px, (min-width: 981px) 1024px, 100vw\" \/>Ovijena prividom nade, ukradene nevjerici u bolje sutra, pu\u0161tam du\u0161i na volju.<\/p>\n<p>Neka se pjeni i neka bjesni, neka se otima nemo\u0107i i slabosti, neka neugaslim \u017earom potpaljuje loma\u010du vje\u010dnoga plama bezdu\u0161nom svijetu.<\/p>\n<p>Ve\u0107 je nadohvat obelisku i bojim se da \u0107e zasjest i na taj tron, zauzeti sun\u010devo mjesto, uzeti i ono malo \u0161to ostalo, tek sje\u0107anjem, na \u0161\u00fbm granja (iskorijenjenih \u0161uma), na plavetnilo neba (zakriljenog smogovitim oblacima), na mir mora u bonaci (ne okaljanog sme\u0107em), na sigurnost vala u uvali (ostavljene bez klju\u010da), na rasko\u0161 boja morskih kamen\u010di\u0107a utonulih u skute morskih trava \u0161to mo\u017eda skrivaju i zakrpu za pokidane niti vremena.<\/p>\n<p>&nbsp;<\/p>\n","protected":false},"excerpt":{"rendered":"<p>Ovijena prividom nade, ukradene nevjerici u bolje sutra, pu\u0161tam du\u0161i na volju. Neka se pjeni i neka bjesni, neka se otima nemo\u0107i i slabosti, neka neugaslim \u017earom potpaljuje loma\u010du vje\u010dnoga plama bezdu\u0161nom svijetu. Ve\u0107 je nadohvat obelisku i bojim se da \u0107e zasjest i na taj tron, zauzeti sun\u010devo mjesto, uzeti i ono malo \u0161to [&hellip;]<\/p>\n","protected":false},"author":1,"featured_media":3433,"comment_status":"open","ping_status":"open","sticky":false,"template":"","format":"gallery","meta":{"_et_pb_use_builder":"","_et_pb_old_content":"","_et_gb_content_width":"","footnotes":""},"categories":[7,3,1],"tags":[],"class_list":["post-3624","post","type-post","status-publish","format-gallery","has-post-thumbnail","hentry","category-blog","category-poezija","category-uncategorized","post_format-post-format-gallery"],"_links":{"self":[{"href":"https:\/\/petrana-sabolek.net\/index.php\/wp-json\/wp\/v2\/posts\/3624","targetHints":{"allow":["GET"]}}],"collection":[{"href":"https:\/\/petrana-sabolek.net\/index.php\/wp-json\/wp\/v2\/posts"}],"about":[{"href":"https:\/\/petrana-sabolek.net\/index.php\/wp-json\/wp\/v2\/types\/post"}],"author":[{"embeddable":true,"href":"https:\/\/petrana-sabolek.net\/index.php\/wp-json\/wp\/v2\/users\/1"}],"replies":[{"embeddable":true,"href":"https:\/\/petrana-sabolek.net\/index.php\/wp-json\/wp\/v2\/comments?post=3624"}],"version-history":[{"count":4,"href":"https:\/\/petrana-sabolek.net\/index.php\/wp-json\/wp\/v2\/posts\/3624\/revisions"}],"predecessor-version":[{"id":3712,"href":"https:\/\/petrana-sabolek.net\/index.php\/wp-json\/wp\/v2\/posts\/3624\/revisions\/3712"}],"wp:featuredmedia":[{"embeddable":true,"href":"https:\/\/petrana-sabolek.net\/index.php\/wp-json\/wp\/v2\/media\/3433"}],"wp:attachment":[{"href":"https:\/\/petrana-sabolek.net\/index.php\/wp-json\/wp\/v2\/media?parent=3624"}],"wp:term":[{"taxonomy":"category","embeddable":true,"href":"https:\/\/petrana-sabolek.net\/index.php\/wp-json\/wp\/v2\/categories?post=3624"},{"taxonomy":"post_tag","embeddable":true,"href":"https:\/\/petrana-sabolek.net\/index.php\/wp-json\/wp\/v2\/tags?post=3624"}],"curies":[{"name":"wp","href":"https:\/\/api.w.org\/{rel}","templated":true}]}}