{"id":3641,"date":"2023-04-28T15:20:33","date_gmt":"2023-04-28T15:20:33","guid":{"rendered":"https:\/\/petrana-sabolek.net\/?p=3641"},"modified":"2023-06-19T13:25:00","modified_gmt":"2023-06-19T13:25:00","slug":"nepromijenjene-stvari","status":"publish","type":"post","link":"https:\/\/petrana-sabolek.net\/index.php\/2023\/04\/28\/nepromijenjene-stvari\/","title":{"rendered":"&#8220;NEPROMIJENJENE STVARI&#8221; PJESMA IZ POETSKOG RUKOPISA \u201cNITI, SPONE, RELACIJE\u201d"},"content":{"rendered":"<p><img loading=\"lazy\" decoding=\"async\" class=\"alignnone size-large wp-image-3644\" src=\"https:\/\/petrana-sabolek.net\/wp-content\/uploads\/2023\/04\/perpetum-mobile-741x1024.jpg\" alt=\"\" width=\"741\" height=\"1024\" \/>Ustoli\u010deno na zemaljskom svodu<br \/>\numiruje plavetnilom<br \/>\numrtvljuje sivilom<br \/>\nusre\u0107uje toplinom sunca<br \/>\nuspavljuje sjajem mjeseca<br \/>\nuznemiruje snagom munja i gromova\u2026<\/p>\n<p>Da, to je nebo<br \/>\nno na mom nebu &#8211; ni\u0161ta nova:<br \/>\nzemlje se i dalje okre\u0107e u meni ne\u017eeljenom pravcu<br \/>\nsvijetu i dalje teku odbrojani dani<br \/>\nvrijeme vi\u0161e ne radi u korist \u017eivota<br \/>\nno\u0107i vi\u0161e ne slu\u017ee isklju\u010divo za ljubav<br \/>\ndavne praznine i dalje ostaju neispunjene\u2026<\/p>\n<p>Uljuljkana snagom la\u017ene nade u bolje sutra<br \/>\nne prepoznajem vi\u0161e ni njenu suprotnost &#8211;<br \/>\nljudsku aroganciju i izopa\u010denost<br \/>\nbe\u0161\u0107utnost za nove ratne pokli\u010de<br \/>\nsljepo\u0107u za jo\u0161 jedan sasvim mogu\u0107<br \/>\ngeneracijski trnoviti put naprijed\u2026<\/p>\n<p>Deplasirana pitanja budu\u0107nosti<br \/>\nsrozane na margine mogu\u0107nosti<br \/>\nno ipak pitanje:<br \/>\n\u0161to ako svijet ipak opstane<br \/>\npa i \u017eivot opet krene uzlazno<br \/>\na ja<br \/>\nevo<br \/>\n\u010dak i stih ukrah<br \/>\n(ni\u0161ta nova)<br \/>\nza ovu pri\u010du o nepromijenjenim stvarima<br \/>\nuz koje veseli jo\u0161 samo dje\u010dji smijeh u mom dvori\u0161tu<br \/>\ni zamamni miris netom procvjetale katru\u017ee u susjednom.<\/p>\n","protected":false},"excerpt":{"rendered":"<p>Ustoli\u010deno na zemaljskom svodu umiruje plavetnilom umrtvljuje sivilom usre\u0107uje toplinom sunca uspavljuje sjajem mjeseca uznemiruje snagom munja i gromova\u2026 Da, to je nebo no na mom nebu &#8211; ni\u0161ta nova: zemlje se i dalje okre\u0107e u meni ne\u017eeljenom pravcu svijetu i dalje teku odbrojani dani vrijeme vi\u0161e ne radi u korist \u017eivota no\u0107i vi\u0161e ne [&hellip;]<\/p>\n","protected":false},"author":1,"featured_media":3013,"comment_status":"open","ping_status":"open","sticky":false,"template":"","format":"gallery","meta":{"_et_pb_use_builder":"","_et_pb_old_content":"","_et_gb_content_width":"","footnotes":""},"categories":[7,3,1],"tags":[],"class_list":["post-3641","post","type-post","status-publish","format-gallery","has-post-thumbnail","hentry","category-blog","category-poezija","category-uncategorized","post_format-post-format-gallery"],"_links":{"self":[{"href":"https:\/\/petrana-sabolek.net\/index.php\/wp-json\/wp\/v2\/posts\/3641","targetHints":{"allow":["GET"]}}],"collection":[{"href":"https:\/\/petrana-sabolek.net\/index.php\/wp-json\/wp\/v2\/posts"}],"about":[{"href":"https:\/\/petrana-sabolek.net\/index.php\/wp-json\/wp\/v2\/types\/post"}],"author":[{"embeddable":true,"href":"https:\/\/petrana-sabolek.net\/index.php\/wp-json\/wp\/v2\/users\/1"}],"replies":[{"embeddable":true,"href":"https:\/\/petrana-sabolek.net\/index.php\/wp-json\/wp\/v2\/comments?post=3641"}],"version-history":[{"count":6,"href":"https:\/\/petrana-sabolek.net\/index.php\/wp-json\/wp\/v2\/posts\/3641\/revisions"}],"predecessor-version":[{"id":3714,"href":"https:\/\/petrana-sabolek.net\/index.php\/wp-json\/wp\/v2\/posts\/3641\/revisions\/3714"}],"wp:featuredmedia":[{"embeddable":true,"href":"https:\/\/petrana-sabolek.net\/index.php\/wp-json\/wp\/v2\/media\/3013"}],"wp:attachment":[{"href":"https:\/\/petrana-sabolek.net\/index.php\/wp-json\/wp\/v2\/media?parent=3641"}],"wp:term":[{"taxonomy":"category","embeddable":true,"href":"https:\/\/petrana-sabolek.net\/index.php\/wp-json\/wp\/v2\/categories?post=3641"},{"taxonomy":"post_tag","embeddable":true,"href":"https:\/\/petrana-sabolek.net\/index.php\/wp-json\/wp\/v2\/tags?post=3641"}],"curies":[{"name":"wp","href":"https:\/\/api.w.org\/{rel}","templated":true}]}}