{"id":3650,"date":"2023-05-07T07:55:42","date_gmt":"2023-05-07T07:55:42","guid":{"rendered":"https:\/\/petrana-sabolek.net\/?p=3650"},"modified":"2023-06-19T13:26:06","modified_gmt":"2023-06-19T13:26:06","slug":"dah-proljeca","status":"publish","type":"post","link":"https:\/\/petrana-sabolek.net\/index.php\/2023\/05\/07\/dah-proljeca\/","title":{"rendered":"&#8220;DAH PROLJE\u0106A&#8221; HAIKU"},"content":{"rendered":"<p><img loading=\"lazy\" decoding=\"async\" class=\"alignnone size-large wp-image-1476\" src=\"https:\/\/petrana-sabolek.net\/wp-content\/uploads\/2021\/10\/proljece1-1024x555.png\" alt=\"\" width=\"1024\" height=\"555\" srcset=\"https:\/\/petrana-sabolek.net\/wp-content\/uploads\/2021\/10\/proljece1-980x531.png 980w, https:\/\/petrana-sabolek.net\/wp-content\/uploads\/2021\/10\/proljece1-480x260.png 480w\" sizes=\"auto, (min-width: 0px) and (max-width: 480px) 480px, (min-width: 481px) and (max-width: 980px) 980px, (min-width: 981px) 1024px, 100vw\" \/>Priroda se probudila, mira vi\u0161e nema, za promrzlu zemljicu, travnat tepih sprema. Snagu sunca \u0161alje da \u017eivot pote\u010de u drve\u0107e i \u017eivicu, grmlje, travu, cvije\u0107e\u2026 Stog&#8217; priroda miri\u0161e ko procvala ru\u017ea, suna\u0161ce joj nesebi\u010dno tople zrake pru\u017ea.<\/p>\n","protected":false},"excerpt":{"rendered":"<p>Priroda se probudila, mira vi\u0161e nema, za promrzlu zemljicu, travnat tepih sprema. Snagu sunca \u0161alje da \u017eivot pote\u010de u drve\u0107e i \u017eivicu, grmlje, travu, cvije\u0107e\u2026 Stog&#8217; priroda miri\u0161e ko procvala ru\u017ea, suna\u0161ce joj nesebi\u010dno tople zrake pru\u017ea.<\/p>\n","protected":false},"author":1,"featured_media":1476,"comment_status":"open","ping_status":"open","sticky":false,"template":"","format":"gallery","meta":{"_et_pb_use_builder":"","_et_pb_old_content":"","_et_gb_content_width":"","footnotes":""},"categories":[7,11,3],"tags":[],"class_list":["post-3650","post","type-post","status-publish","format-gallery","has-post-thumbnail","hentry","category-blog","category-djecji_blok","category-poezija","post_format-post-format-gallery"],"_links":{"self":[{"href":"https:\/\/petrana-sabolek.net\/index.php\/wp-json\/wp\/v2\/posts\/3650","targetHints":{"allow":["GET"]}}],"collection":[{"href":"https:\/\/petrana-sabolek.net\/index.php\/wp-json\/wp\/v2\/posts"}],"about":[{"href":"https:\/\/petrana-sabolek.net\/index.php\/wp-json\/wp\/v2\/types\/post"}],"author":[{"embeddable":true,"href":"https:\/\/petrana-sabolek.net\/index.php\/wp-json\/wp\/v2\/users\/1"}],"replies":[{"embeddable":true,"href":"https:\/\/petrana-sabolek.net\/index.php\/wp-json\/wp\/v2\/comments?post=3650"}],"version-history":[{"count":5,"href":"https:\/\/petrana-sabolek.net\/index.php\/wp-json\/wp\/v2\/posts\/3650\/revisions"}],"predecessor-version":[{"id":3715,"href":"https:\/\/petrana-sabolek.net\/index.php\/wp-json\/wp\/v2\/posts\/3650\/revisions\/3715"}],"wp:featuredmedia":[{"embeddable":true,"href":"https:\/\/petrana-sabolek.net\/index.php\/wp-json\/wp\/v2\/media\/1476"}],"wp:attachment":[{"href":"https:\/\/petrana-sabolek.net\/index.php\/wp-json\/wp\/v2\/media?parent=3650"}],"wp:term":[{"taxonomy":"category","embeddable":true,"href":"https:\/\/petrana-sabolek.net\/index.php\/wp-json\/wp\/v2\/categories?post=3650"},{"taxonomy":"post_tag","embeddable":true,"href":"https:\/\/petrana-sabolek.net\/index.php\/wp-json\/wp\/v2\/tags?post=3650"}],"curies":[{"name":"wp","href":"https:\/\/api.w.org\/{rel}","templated":true}]}}