{"id":3686,"date":"2023-06-09T14:12:38","date_gmt":"2023-06-09T14:12:38","guid":{"rendered":"https:\/\/petrana-sabolek.net\/?p=3686"},"modified":"2023-06-09T14:23:33","modified_gmt":"2023-06-09T14:23:33","slug":"najkrace-price","status":"publish","type":"post","link":"https:\/\/petrana-sabolek.net\/index.php\/2023\/06\/09\/najkrace-price\/","title":{"rendered":"NAJKRA\u0106E PRI\u010cE"},"content":{"rendered":"<p><img loading=\"lazy\" decoding=\"async\" class=\"alignnone size-large wp-image-3352\" src=\"https:\/\/petrana-sabolek.net\/wp-content\/uploads\/2022\/12\/book-2929646_1920-1024x601.jpg\" alt=\"\" width=\"1024\" height=\"601\" srcset=\"https:\/\/petrana-sabolek.net\/wp-content\/uploads\/2022\/12\/book-2929646_1920-980x575.jpg 980w, https:\/\/petrana-sabolek.net\/wp-content\/uploads\/2022\/12\/book-2929646_1920-480x282.jpg 480w\" sizes=\"auto, (min-width: 0px) and (max-width: 480px) 480px, (min-width: 481px) and (max-width: 980px) 980px, (min-width: 981px) 1024px, 100vw\" \/><\/p>\n<p>JA, PISAC \/ Pi\u0161em, bri\u0161em, bri\u0161em, pi\u0161em \u2013 tko mi je kriv kad sam veliki kriti\u010dar.<\/p>\n<p>NAROD \/ Ne bih o kvalifikaciji naroda, no fakat je da ga se stri\u017ee odmalena.<\/p>\n<p>NEKULTURA \/ Nekulturno je u\u0107i bez kucanja, no smrt si i to dopu\u0161ta.<\/p>\n<p>ZIMA \/ Mo\u017eda padne snijeg \u2013 volim bijelo.<\/p>\n<p>LJUBAV \/ Voljeli smo se kao u bajci i potro\u0161ili je prije onog, do kraja \u017eivota.<\/p>\n<p>PITANJE S RAZLOGOm \/ Ho\u0107e li se kota\u010di vremena ikada istro\u0161iti, poderati se, izlizati ili se makar samo zamoriti pa da i vrijeme jednom kona\u010dno stane te i \u010dovjek vje\u010dnim postane te kona\u010dno, jednom zauvijek, prestane zauvijek odlaziti?<\/p>\n<p>&nbsp;<\/p>\n","protected":false},"excerpt":{"rendered":"<p>JA, PISAC \/ Pi\u0161em, bri\u0161em, bri\u0161em, pi\u0161em \u2013 tko mi je kriv kad sam veliki kriti\u010dar. NAROD \/ Ne bih o kvalifikaciji naroda, no fakat je da ga se stri\u017ee odmalena. NEKULTURA \/ Nekulturno je u\u0107i bez kucanja, no smrt si i to dopu\u0161ta. ZIMA \/ Mo\u017eda padne snijeg \u2013 volim bijelo. LJUBAV \/ Voljeli [&hellip;]<\/p>\n","protected":false},"author":1,"featured_media":3421,"comment_status":"open","ping_status":"open","sticky":false,"template":"","format":"gallery","meta":{"_et_pb_use_builder":"","_et_pb_old_content":"","_et_gb_content_width":"","footnotes":""},"categories":[7,5,4,1],"tags":[],"class_list":["post-3686","post","type-post","status-publish","format-gallery","has-post-thumbnail","hentry","category-blog","category-mudre-misli-aforizmi-izreke-poslovice","category-proza","category-uncategorized","post_format-post-format-gallery"],"_links":{"self":[{"href":"https:\/\/petrana-sabolek.net\/index.php\/wp-json\/wp\/v2\/posts\/3686","targetHints":{"allow":["GET"]}}],"collection":[{"href":"https:\/\/petrana-sabolek.net\/index.php\/wp-json\/wp\/v2\/posts"}],"about":[{"href":"https:\/\/petrana-sabolek.net\/index.php\/wp-json\/wp\/v2\/types\/post"}],"author":[{"embeddable":true,"href":"https:\/\/petrana-sabolek.net\/index.php\/wp-json\/wp\/v2\/users\/1"}],"replies":[{"embeddable":true,"href":"https:\/\/petrana-sabolek.net\/index.php\/wp-json\/wp\/v2\/comments?post=3686"}],"version-history":[{"count":8,"href":"https:\/\/petrana-sabolek.net\/index.php\/wp-json\/wp\/v2\/posts\/3686\/revisions"}],"predecessor-version":[{"id":3694,"href":"https:\/\/petrana-sabolek.net\/index.php\/wp-json\/wp\/v2\/posts\/3686\/revisions\/3694"}],"wp:featuredmedia":[{"embeddable":true,"href":"https:\/\/petrana-sabolek.net\/index.php\/wp-json\/wp\/v2\/media\/3421"}],"wp:attachment":[{"href":"https:\/\/petrana-sabolek.net\/index.php\/wp-json\/wp\/v2\/media?parent=3686"}],"wp:term":[{"taxonomy":"category","embeddable":true,"href":"https:\/\/petrana-sabolek.net\/index.php\/wp-json\/wp\/v2\/categories?post=3686"},{"taxonomy":"post_tag","embeddable":true,"href":"https:\/\/petrana-sabolek.net\/index.php\/wp-json\/wp\/v2\/tags?post=3686"}],"curies":[{"name":"wp","href":"https:\/\/api.w.org\/{rel}","templated":true}]}}