{"id":3696,"date":"2023-06-19T10:02:48","date_gmt":"2023-06-19T10:02:48","guid":{"rendered":"https:\/\/petrana-sabolek.net\/?p=3696"},"modified":"2023-11-11T16:23:30","modified_gmt":"2023-11-11T16:23:30","slug":"iza-ogledala","status":"publish","type":"post","link":"https:\/\/petrana-sabolek.net\/index.php\/2023\/06\/19\/iza-ogledala\/","title":{"rendered":"IZA OGLEDALA"},"content":{"rendered":"<p><img loading=\"lazy\" decoding=\"async\" class=\"alignnone size-full wp-image-3699\" src=\"https:\/\/petrana-sabolek.net\/wp-content\/uploads\/2023\/06\/af1c8e377e8e098bc6361be29964f5d5-1024x0-c-default.jpg\" alt=\"\" width=\"1024\" height=\"650\" srcset=\"https:\/\/petrana-sabolek.net\/wp-content\/uploads\/2023\/06\/af1c8e377e8e098bc6361be29964f5d5-1024x0-c-default.jpg 1024w, https:\/\/petrana-sabolek.net\/wp-content\/uploads\/2023\/06\/af1c8e377e8e098bc6361be29964f5d5-1024x0-c-default-980x622.jpg 980w, https:\/\/petrana-sabolek.net\/wp-content\/uploads\/2023\/06\/af1c8e377e8e098bc6361be29964f5d5-1024x0-c-default-480x305.jpg 480w\" sizes=\"auto, (min-width: 0px) and (max-width: 480px) 480px, (min-width: 481px) and (max-width: 980px) 980px, (min-width: 981px) 1024px, 100vw\" \/>Tra\u017ee\u0107i svijet ne tako davnog vremena, zapam\u0107en po ljubavi i empatiji, zavirujem s onu stranu ogledala, gdje dana\u0161nji, ogrezao u kriminal, ovisnost i dekadenciju, ve\u0107 odavna slavi svoju opstojnost. I pitaju\u0107i \u00a0se,\u00a0 \u010dime, ipak, onostrano plijeni, odnosno, na \u010demu ovostrano gubi svoje moralne bitke zavirujem iza ogledala gdje, spoti\u010du\u0107i se o nepo\u0161tenje i okrutnost du\u0161e i uzmi\u010du\u0107i sarkazmu nedobrodo\u0161lice ponizno ispod glasa pitam: \u2026 <em>a gdje je ljubav, gdje su po\u0161tenje, po\u0161tivanje i pra\u0161tanje, gdje su pamet, razum i moral? <\/em>\u00a0No rije\u010di mi u vjetar pa uvu\u010dena u vlastita ramena, iz vizure makova zrna, mirno\u0107om od nijemosti do poniznosti, promatram kako se ti, gubitnici, ili mo\u017eda, ipak, dobitnici (?) nabacuju, kao fritzbijem, klju\u010devima budu\u0107nosti moje i mog pokoljenja.<\/p>\n<p>&nbsp;<\/p>\n","protected":false},"excerpt":{"rendered":"<p>Tra\u017ee\u0107i svijet ne tako davnog vremena, zapam\u0107en po ljubavi i empatiji, zavirujem s onu stranu ogledala, gdje dana\u0161nji, ogrezao u kriminal, ovisnost i dekadenciju, ve\u0107 odavna slavi svoju opstojnost. I pitaju\u0107i \u00a0se,\u00a0 \u010dime, ipak, onostrano plijeni, odnosno, na \u010demu ovostrano gubi svoje moralne bitke zavirujem iza ogledala gdje, spoti\u010du\u0107i se o nepo\u0161tenje i okrutnost du\u0161e [&hellip;]<\/p>\n","protected":false},"author":1,"featured_media":3701,"comment_status":"open","ping_status":"open","sticky":false,"template":"","format":"gallery","meta":{"_et_pb_use_builder":"","_et_pb_old_content":"","_et_gb_content_width":"","footnotes":""},"categories":[7,3,1],"tags":[],"class_list":["post-3696","post","type-post","status-publish","format-gallery","has-post-thumbnail","hentry","category-blog","category-poezija","category-uncategorized","post_format-post-format-gallery"],"_links":{"self":[{"href":"https:\/\/petrana-sabolek.net\/index.php\/wp-json\/wp\/v2\/posts\/3696","targetHints":{"allow":["GET"]}}],"collection":[{"href":"https:\/\/petrana-sabolek.net\/index.php\/wp-json\/wp\/v2\/posts"}],"about":[{"href":"https:\/\/petrana-sabolek.net\/index.php\/wp-json\/wp\/v2\/types\/post"}],"author":[{"embeddable":true,"href":"https:\/\/petrana-sabolek.net\/index.php\/wp-json\/wp\/v2\/users\/1"}],"replies":[{"embeddable":true,"href":"https:\/\/petrana-sabolek.net\/index.php\/wp-json\/wp\/v2\/comments?post=3696"}],"version-history":[{"count":9,"href":"https:\/\/petrana-sabolek.net\/index.php\/wp-json\/wp\/v2\/posts\/3696\/revisions"}],"predecessor-version":[{"id":3863,"href":"https:\/\/petrana-sabolek.net\/index.php\/wp-json\/wp\/v2\/posts\/3696\/revisions\/3863"}],"wp:featuredmedia":[{"embeddable":true,"href":"https:\/\/petrana-sabolek.net\/index.php\/wp-json\/wp\/v2\/media\/3701"}],"wp:attachment":[{"href":"https:\/\/petrana-sabolek.net\/index.php\/wp-json\/wp\/v2\/media?parent=3696"}],"wp:term":[{"taxonomy":"category","embeddable":true,"href":"https:\/\/petrana-sabolek.net\/index.php\/wp-json\/wp\/v2\/categories?post=3696"},{"taxonomy":"post_tag","embeddable":true,"href":"https:\/\/petrana-sabolek.net\/index.php\/wp-json\/wp\/v2\/tags?post=3696"}],"curies":[{"name":"wp","href":"https:\/\/api.w.org\/{rel}","templated":true}]}}