{"id":3720,"date":"2023-06-29T08:06:23","date_gmt":"2023-06-29T08:06:23","guid":{"rendered":"https:\/\/petrana-sabolek.net\/?p=3720"},"modified":"2023-06-29T08:07:06","modified_gmt":"2023-06-29T08:07:06","slug":"izbjeglicka-enklava-uz-dan-izbjeglica-20-lipnja","status":"publish","type":"post","link":"https:\/\/petrana-sabolek.net\/index.php\/2023\/06\/29\/izbjeglicka-enklava-uz-dan-izbjeglica-20-lipnja\/","title":{"rendered":"&#8220;IZBJEGLI\u010cKA ENKLAVA&#8221; &#8211; UZ DAN IZBJEGLICA, 20. LIPNJA"},"content":{"rendered":"<p><img loading=\"lazy\" decoding=\"async\" class=\"alignnone size-large wp-image-3721\" src=\"https:\/\/petrana-sabolek.net\/wp-content\/uploads\/2023\/06\/19112982_606-1024x576.jpg\" alt=\"\" width=\"1024\" height=\"576\" srcset=\"https:\/\/petrana-sabolek.net\/wp-content\/uploads\/2023\/06\/19112982_606-980x551.jpg 980w, https:\/\/petrana-sabolek.net\/wp-content\/uploads\/2023\/06\/19112982_606-480x270.jpg 480w\" sizes=\"auto, (min-width: 0px) and (max-width: 480px) 480px, (min-width: 481px) and (max-width: 980px) 980px, (min-width: 981px) 1024px, 100vw\" \/>Izbjegli\u010dka enklava \u010dergari svijetom. Iz dana u dan\u00a0bez \u0161atora i kota\u010da, trase i puta, luta s nadom da \u0107e sti\u0107i do mjesta, daleko od rodnog, \u0161to pere ruke od \u010dovje\u010dnosti, su\u017eivota i \u017eivota u miru, i od djece koja umiru od gladi. Bez \u017ealjenja i stajanja, \u017eivotom od danas do sutra izbjegli\u010dka enklava na krilima milostinje, empatije, suosje\u0107anja, prevaljuje granice \u2013 niz morsko bespu\u0107e, od \u017eice do \u017eice\u2026<\/p>\n","protected":false},"excerpt":{"rendered":"<p>Izbjegli\u010dka enklava \u010dergari svijetom. Iz dana u dan\u00a0bez \u0161atora i kota\u010da, trase i puta, luta s nadom da \u0107e sti\u0107i do mjesta, daleko od rodnog, \u0161to pere ruke od \u010dovje\u010dnosti, su\u017eivota i \u017eivota u miru, i od djece koja umiru od gladi. Bez \u017ealjenja i stajanja, \u017eivotom od danas do sutra izbjegli\u010dka enklava na krilima [&hellip;]<\/p>\n","protected":false},"author":1,"featured_media":3721,"comment_status":"open","ping_status":"open","sticky":false,"template":"","format":"gallery","meta":{"_et_pb_use_builder":"","_et_pb_old_content":"","_et_gb_content_width":"","footnotes":""},"categories":[7,3,6],"tags":[],"class_list":["post-3720","post","type-post","status-publish","format-gallery","has-post-thumbnail","hentry","category-blog","category-poezija","category-uz-dan","post_format-post-format-gallery"],"_links":{"self":[{"href":"https:\/\/petrana-sabolek.net\/index.php\/wp-json\/wp\/v2\/posts\/3720","targetHints":{"allow":["GET"]}}],"collection":[{"href":"https:\/\/petrana-sabolek.net\/index.php\/wp-json\/wp\/v2\/posts"}],"about":[{"href":"https:\/\/petrana-sabolek.net\/index.php\/wp-json\/wp\/v2\/types\/post"}],"author":[{"embeddable":true,"href":"https:\/\/petrana-sabolek.net\/index.php\/wp-json\/wp\/v2\/users\/1"}],"replies":[{"embeddable":true,"href":"https:\/\/petrana-sabolek.net\/index.php\/wp-json\/wp\/v2\/comments?post=3720"}],"version-history":[{"count":2,"href":"https:\/\/petrana-sabolek.net\/index.php\/wp-json\/wp\/v2\/posts\/3720\/revisions"}],"predecessor-version":[{"id":3723,"href":"https:\/\/petrana-sabolek.net\/index.php\/wp-json\/wp\/v2\/posts\/3720\/revisions\/3723"}],"wp:featuredmedia":[{"embeddable":true,"href":"https:\/\/petrana-sabolek.net\/index.php\/wp-json\/wp\/v2\/media\/3721"}],"wp:attachment":[{"href":"https:\/\/petrana-sabolek.net\/index.php\/wp-json\/wp\/v2\/media?parent=3720"}],"wp:term":[{"taxonomy":"category","embeddable":true,"href":"https:\/\/petrana-sabolek.net\/index.php\/wp-json\/wp\/v2\/categories?post=3720"},{"taxonomy":"post_tag","embeddable":true,"href":"https:\/\/petrana-sabolek.net\/index.php\/wp-json\/wp\/v2\/tags?post=3720"}],"curies":[{"name":"wp","href":"https:\/\/api.w.org\/{rel}","templated":true}]}}