{"id":3727,"date":"2023-07-08T19:09:45","date_gmt":"2023-07-08T19:09:45","guid":{"rendered":"https:\/\/petrana-sabolek.net\/?p=3727"},"modified":"2023-07-08T19:09:45","modified_gmt":"2023-07-08T19:09:45","slug":"zakljucat-cu-vrata","status":"publish","type":"post","link":"https:\/\/petrana-sabolek.net\/index.php\/2023\/07\/08\/zakljucat-cu-vrata\/","title":{"rendered":"ZAKLJU\u010cAT \u0106U VRATA"},"content":{"rendered":"<div class=\"xdj266r x11i5rnm xat24cr x1mh8g0r x1vvkbs x126k92a\">\n<div dir=\"auto\"><\/div>\n<\/div>\n<div class=\"x11i5rnm xat24cr x1mh8g0r x1vvkbs xtlvy1s x126k92a\">\n<div dir=\"auto\"><img loading=\"lazy\" decoding=\"async\" class=\"alignnone size-full wp-image-3728\" src=\"https:\/\/petrana-sabolek.net\/wp-content\/uploads\/2023\/07\/Mudrosti_naslovna-759x424-1.jpg\" alt=\"\" width=\"759\" height=\"424\" srcset=\"https:\/\/petrana-sabolek.net\/wp-content\/uploads\/2023\/07\/Mudrosti_naslovna-759x424-1.jpg 759w, https:\/\/petrana-sabolek.net\/wp-content\/uploads\/2023\/07\/Mudrosti_naslovna-759x424-1-480x268.jpg 480w\" sizes=\"auto, (min-width: 0px) and (max-width: 480px) 480px, (min-width: 481px) 759px, 100vw\" \/>Zaklju\u010dat \u0107u vrata, makar su uvijek zaklju\u010dana, da u ku\u0107u ne u\u0111e vrijeme. Zaklju\u010dat \u0107u vrata makar su uvijek zaklju\u010dana da iz ku\u0107e ne iza\u0111u mir, dje\u010dji smijeh, sje\u0107anja i radosti trenutka, da ne izvjetri miris kola\u010da u pe\u0107nici&#8230; Zaklju\u010dat \u0107u vrata \u010dak dva i vi\u0161e puta iako znam da i prolaznost i nemila vijest ulaze i kroz zaklju\u010dana.<\/div>\n<\/div>\n","protected":false},"excerpt":{"rendered":"<p>Zaklju\u010dat \u0107u vrata, makar su uvijek zaklju\u010dana, da u ku\u0107u ne u\u0111e vrijeme. Zaklju\u010dat \u0107u vrata makar su uvijek zaklju\u010dana da iz ku\u0107e ne iza\u0111u mir, dje\u010dji smijeh, sje\u0107anja i radosti trenutka, da ne izvjetri miris kola\u010da u pe\u0107nici&#8230; Zaklju\u010dat \u0107u vrata \u010dak dva i vi\u0161e puta iako znam da i prolaznost i nemila vijest [&hellip;]<\/p>\n","protected":false},"author":1,"featured_media":3728,"comment_status":"open","ping_status":"open","sticky":false,"template":"","format":"gallery","meta":{"_et_pb_use_builder":"","_et_pb_old_content":"","_et_gb_content_width":"","footnotes":""},"categories":[7,3],"tags":[],"class_list":["post-3727","post","type-post","status-publish","format-gallery","has-post-thumbnail","hentry","category-blog","category-poezija","post_format-post-format-gallery"],"_links":{"self":[{"href":"https:\/\/petrana-sabolek.net\/index.php\/wp-json\/wp\/v2\/posts\/3727","targetHints":{"allow":["GET"]}}],"collection":[{"href":"https:\/\/petrana-sabolek.net\/index.php\/wp-json\/wp\/v2\/posts"}],"about":[{"href":"https:\/\/petrana-sabolek.net\/index.php\/wp-json\/wp\/v2\/types\/post"}],"author":[{"embeddable":true,"href":"https:\/\/petrana-sabolek.net\/index.php\/wp-json\/wp\/v2\/users\/1"}],"replies":[{"embeddable":true,"href":"https:\/\/petrana-sabolek.net\/index.php\/wp-json\/wp\/v2\/comments?post=3727"}],"version-history":[{"count":2,"href":"https:\/\/petrana-sabolek.net\/index.php\/wp-json\/wp\/v2\/posts\/3727\/revisions"}],"predecessor-version":[{"id":3730,"href":"https:\/\/petrana-sabolek.net\/index.php\/wp-json\/wp\/v2\/posts\/3727\/revisions\/3730"}],"wp:featuredmedia":[{"embeddable":true,"href":"https:\/\/petrana-sabolek.net\/index.php\/wp-json\/wp\/v2\/media\/3728"}],"wp:attachment":[{"href":"https:\/\/petrana-sabolek.net\/index.php\/wp-json\/wp\/v2\/media?parent=3727"}],"wp:term":[{"taxonomy":"category","embeddable":true,"href":"https:\/\/petrana-sabolek.net\/index.php\/wp-json\/wp\/v2\/categories?post=3727"},{"taxonomy":"post_tag","embeddable":true,"href":"https:\/\/petrana-sabolek.net\/index.php\/wp-json\/wp\/v2\/tags?post=3727"}],"curies":[{"name":"wp","href":"https:\/\/api.w.org\/{rel}","templated":true}]}}