{"id":3732,"date":"2023-07-19T18:23:30","date_gmt":"2023-07-19T18:23:30","guid":{"rendered":"https:\/\/petrana-sabolek.net\/?p=3732"},"modified":"2023-08-21T10:40:59","modified_gmt":"2023-08-21T10:40:59","slug":"stihom-na-sliku","status":"publish","type":"post","link":"https:\/\/petrana-sabolek.net\/index.php\/2023\/07\/19\/stihom-na-sliku\/","title":{"rendered":"STIHOM NA SLIKU"},"content":{"rendered":"<p><img loading=\"lazy\" decoding=\"async\" class=\"alignnone size-full wp-image-3733\" src=\"https:\/\/petrana-sabolek.net\/wp-content\/uploads\/2023\/07\/Apsurdistan-1-400x284-1.png\" alt=\"\" width=\"400\" height=\"284\" srcset=\"https:\/\/petrana-sabolek.net\/wp-content\/uploads\/2023\/07\/Apsurdistan-1-400x284-1.png 400w, https:\/\/petrana-sabolek.net\/wp-content\/uploads\/2023\/07\/Apsurdistan-1-400x284-1-300x213.png 300w\" sizes=\"auto, (max-width: 400px) 100vw, 400px\" \/>Stihom na sliku iz poetske zbirke &#8220;Pjesme iz\u00a0 Apsurdistana&#8221;, 2019.<\/p>\n<p>MUHA I DOSTOJANSTVO<\/p>\n<p>Ne mo\u017ee\u0161 ti meni, muho, oduzeti dostojanstvo time \u0161to mi po \u0107elavoj glavi \u0161e\u0107e\u0161 te zavla\u010de\u0107i mi se u nosnice tjera\u0161 me sa smetli\u0161ta na kojem ja kao tvoj teren uzurpiram.I ne mo\u017ee\u0161 ti meni, muho,da ja la\u017eem kad ka\u017eem kako \u0107u se otamo zauvijek maknuti, kako tom smradu vi\u0161e nikada ni prismrdjeti ne\u0107u, jer ja to ne ka\u017eem tek tako \u2013 ve\u0107 u vjeri \u2013 ufaju\u0107i se u bolje sutra i nadu varljivu rad&#8217; koje na\u017ealost i opet do\u0111em\u010dim trbuhu ponovo zagusti. A ne zamjeram ja tebi, muho, \u0161to ni ti ne \u0161tuje\u0161 izborano lice i stara\u010dke kosti, \u0161to ne vrednuje\u0161 pamet vremenom potro\u0161enu, \u0161to te ni brige za du\u0161u \u017eivotom napa\u0107enu, a \u0161to bi i sama da mo\u017ee iz svoje ko\u017ee pa makar i k mjestu na kojem se \u010dovjeku, danas, jo\u0161 jedino garantira dostojanstvo. I odlazak pod zemlju ko\u0161ta, muho, i zato nemoj ti, meni, o dostojanstvu.<\/p>\n<p>_________________________________________________<\/p>\n<p>Objavljeno u Zborniku radova XIV. recitala suvremenog hrvatskog pjesni\u0161tva Senje i meteori, 2006.<\/p>\n<p>&nbsp;<\/p>\n<p>LEPTIR-MA\u0160NA OKO VRATA<\/p>\n<p>Leptir\u2013ma\u0161na oko vrata, a u d\u017eepu niti gro\u0161a oblak se pred suncem \u2013 vremena mo\u017eda i nisu lo\u0161a. A ne tra\u017eim puno, ka\u017eem, i ve\u0107 vidim se na sceni: klaun sam, metresa, car, borac s bikom u areni. Leptir\u2013ma\u0161na oko vrata, \u017eivot vrti me u krugu, sre\u0107a zove nek ju zgrabim, il&#8217; priliku nek \u010dekam drugu, pa ja ska\u010dem, ja se lomim, di\u017eem moral, dra\u017eim vjeru, suze, smijeh, ples krabulja \u2013 \u00a0stvarno nema mjeru. Leptir\u2013ma\u0161na oko vratau reveru crven ru\u017ea \u2013 daj, sudbino, pro\u0161e\u0107i malo, mo\u017eda more \u0161ansu pru\u017ea. I bacam mu crven ru\u017eu nek pu\u010dinom morskom \u0161e\u0107e, no\u0107 s obzora \u0161to se valja mo\u017eda sti\u017ee s vi\u0161e sre\u0107e.<\/p>\n<p>______________________________________________<\/p>\n<p>Objavljeno u zbirci radova 7. Me\u0111unarodnog pjesni\u010dkog festivala &#8220;More na dlanu &#8211; stihovi \u0161apu\u0107u \u0161koljci&#8221;, 2018.<\/p>\n<p>&nbsp;<\/p>\n","protected":false},"excerpt":{"rendered":"<p>Stihom na sliku iz poetske zbirke &#8220;Pjesme iz\u00a0 Apsurdistana&#8221;, 2019. MUHA I DOSTOJANSTVO Ne mo\u017ee\u0161 ti meni, muho, oduzeti dostojanstvo time \u0161to mi po \u0107elavoj glavi \u0161e\u0107e\u0161 te zavla\u010de\u0107i mi se u nosnice tjera\u0161 me sa smetli\u0161ta na kojem ja kao tvoj teren uzurpiram.I ne mo\u017ee\u0161 ti meni, muho,da ja la\u017eem kad ka\u017eem kako \u0107u [&hellip;]<\/p>\n","protected":false},"author":1,"featured_media":3733,"comment_status":"open","ping_status":"open","sticky":false,"template":"","format":"gallery","meta":{"_et_pb_use_builder":"","_et_pb_old_content":"","_et_gb_content_width":"","footnotes":""},"categories":[7,3],"tags":[],"class_list":["post-3732","post","type-post","status-publish","format-gallery","has-post-thumbnail","hentry","category-blog","category-poezija","post_format-post-format-gallery"],"_links":{"self":[{"href":"https:\/\/petrana-sabolek.net\/index.php\/wp-json\/wp\/v2\/posts\/3732","targetHints":{"allow":["GET"]}}],"collection":[{"href":"https:\/\/petrana-sabolek.net\/index.php\/wp-json\/wp\/v2\/posts"}],"about":[{"href":"https:\/\/petrana-sabolek.net\/index.php\/wp-json\/wp\/v2\/types\/post"}],"author":[{"embeddable":true,"href":"https:\/\/petrana-sabolek.net\/index.php\/wp-json\/wp\/v2\/users\/1"}],"replies":[{"embeddable":true,"href":"https:\/\/petrana-sabolek.net\/index.php\/wp-json\/wp\/v2\/comments?post=3732"}],"version-history":[{"count":3,"href":"https:\/\/petrana-sabolek.net\/index.php\/wp-json\/wp\/v2\/posts\/3732\/revisions"}],"predecessor-version":[{"id":3743,"href":"https:\/\/petrana-sabolek.net\/index.php\/wp-json\/wp\/v2\/posts\/3732\/revisions\/3743"}],"wp:featuredmedia":[{"embeddable":true,"href":"https:\/\/petrana-sabolek.net\/index.php\/wp-json\/wp\/v2\/media\/3733"}],"wp:attachment":[{"href":"https:\/\/petrana-sabolek.net\/index.php\/wp-json\/wp\/v2\/media?parent=3732"}],"wp:term":[{"taxonomy":"category","embeddable":true,"href":"https:\/\/petrana-sabolek.net\/index.php\/wp-json\/wp\/v2\/categories?post=3732"},{"taxonomy":"post_tag","embeddable":true,"href":"https:\/\/petrana-sabolek.net\/index.php\/wp-json\/wp\/v2\/tags?post=3732"}],"curies":[{"name":"wp","href":"https:\/\/api.w.org\/{rel}","templated":true}]}}