{"id":3752,"date":"2023-08-26T08:55:56","date_gmt":"2023-08-26T08:55:56","guid":{"rendered":"https:\/\/petrana-sabolek.net\/?p=3752"},"modified":"2023-08-26T08:57:10","modified_gmt":"2023-08-26T08:57:10","slug":"nova-era","status":"publish","type":"post","link":"https:\/\/petrana-sabolek.net\/index.php\/2023\/08\/26\/nova-era\/","title":{"rendered":"NOVA ERA"},"content":{"rendered":"<p>&nbsp;<\/p>\n<p><img loading=\"lazy\" decoding=\"async\" class=\"alignnone size-large wp-image-3755\" src=\"https:\/\/petrana-sabolek.net\/wp-content\/uploads\/2023\/08\/Miehet-lounaalla_Kohenneltu_kuva-1-1024x804.webp\" alt=\"\" width=\"1024\" height=\"804\" srcset=\"https:\/\/petrana-sabolek.net\/wp-content\/uploads\/2023\/08\/Miehet-lounaalla_Kohenneltu_kuva-1-980x769.webp 980w, https:\/\/petrana-sabolek.net\/wp-content\/uploads\/2023\/08\/Miehet-lounaalla_Kohenneltu_kuva-1-480x377.webp 480w\" sizes=\"auto, (min-width: 0px) and (max-width: 480px) 480px, (min-width: 481px) and (max-width: 980px) 980px, (min-width: 981px) 1024px, 100vw\" \/>Nije ovo rokerska<\/p>\n<p>nije niti reperska<\/p>\n<p>nije \u010dak ni bijelo-svjetska<\/p>\n<p>ve\u0107 doma\u0107a<\/p>\n<p>istinska<\/p>\n<p>u kojoj se rije\u010di splele<\/p>\n<p>da bi rekle \u0161to su htjele<\/p>\n<p>a htjele su:<\/p>\n<p>&nbsp;<\/p>\n<p>garantiram da nam se mulja (!)<\/p>\n<p>da svijet u propast srlja<\/p>\n<p>da nam stigla nova era<\/p>\n<p>pa \u0107e \u010dovjek<\/p>\n<p>il&#8217; kao \u010dovjek<\/p>\n<p>il&#8217; kra\u0107im putem \u2013<\/p>\n<p>s nebodera.<\/p>\n<p>&nbsp;<\/p>\n<p>Kat deveti<\/p>\n<p>u tom je smislu<\/p>\n<p>najizglednija etapa:<\/p>\n<p>Al-Kaida i dalje prijeti<\/p>\n<p>led grenlandski se ve\u0107 otapa<\/p>\n<p>Pacifikom tajfuni vri\u0161te<\/p>\n<p>uz Indiju monsunske ki\u0161e<\/p>\n<p>Kalifornija je po\u017eari\u0161te<\/p>\n<p>a hram Bo\u017eji \u2013<\/p>\n<p>grijehodi\u0161te.<\/p>\n<p>&nbsp;<\/p>\n<p>Stoga ve\u0107 na rubu snage<\/p>\n<p>\u017eeljeniju tra\u017eim sliku \u2013<\/p>\n<p>ma i rodna mi je draga<\/p>\n<p>no ipak biram \u2013<\/p>\n<p>Ameriku.<\/p>\n<p>&nbsp;<\/p>\n<p>Trump je sre\u0107om u povijesti,<\/p>\n<p>nad Bijelom se Biden smije\u0161i<\/p>\n<p>stoga moja i k nebu se\u017ee \u2013<\/p>\n<p>mo\u017eda Bog u ne\u010dem grije\u0161i?<\/p>\n<p>&nbsp;<\/p>\n<p>Ostalo mu od grijeha<\/p>\n<p>tek ne\u0161to sitno \u2013<\/p>\n<p>ne ukrasti<\/p>\n<p>reklo bi se<\/p>\n<p>mizerija \u2013<\/p>\n<p>i lopovu ispod \u010dasti.<\/p>\n<p>&nbsp;<\/p>\n<p>I dok jedno s drugim zbrajam<\/p>\n<p>kostobolja usput ste\u017ee<\/p>\n<p>r\u0111av znak mi sudba \u0161alje \u2013<\/p>\n<p>crvljiv plijen sam sred njene mre\u017ee.<\/p>\n<p>&nbsp;<\/p>\n<p>Stog&#8217;<\/p>\n<p>pomiren bez ostatka<\/p>\n<p>da se s&#8217; sre\u0107om ne\u0107u sresti<\/p>\n<p>kad najednom u praznom nizu \u2013<\/p>\n<p>natje\u010daj za ceste mesti.<\/p>\n<p>&nbsp;<\/p>\n<p>Crknut moral istom ska\u010de<\/p>\n<p>pogled hita k kontejnerima<\/p>\n<p>pa\u010de<\/p>\n<p>srce kuca ja\u010de \u2013<\/p>\n<p>i iskra plam je makar bez dima.<\/p>\n<p>&nbsp;<\/p>\n<p>No i plam je za neke druge<\/p>\n<p>nepotizam gu\u0161i vjeru<\/p>\n<p>gledam hordu<\/p>\n<p>k sme\u0107u grabi<\/p>\n<p>a ja grabim \u2013<\/p>\n<p>k neboderu.<\/p>\n","protected":false},"excerpt":{"rendered":"<p>&nbsp; Nije ovo rokerska nije niti reperska nije \u010dak ni bijelo-svjetska ve\u0107 doma\u0107a istinska u kojoj se rije\u010di splele da bi rekle \u0161to su htjele a htjele su: &nbsp; garantiram da nam se mulja (!) da svijet u propast srlja da nam stigla nova era pa \u0107e \u010dovjek il&#8217; kao \u010dovjek il&#8217; kra\u0107im putem \u2013 [&hellip;]<\/p>\n","protected":false},"author":1,"featured_media":3753,"comment_status":"open","ping_status":"open","sticky":false,"template":"","format":"gallery","meta":{"_et_pb_use_builder":"","_et_pb_old_content":"","_et_gb_content_width":"","footnotes":""},"categories":[7,3],"tags":[],"class_list":["post-3752","post","type-post","status-publish","format-gallery","has-post-thumbnail","hentry","category-blog","category-poezija","post_format-post-format-gallery"],"_links":{"self":[{"href":"https:\/\/petrana-sabolek.net\/index.php\/wp-json\/wp\/v2\/posts\/3752","targetHints":{"allow":["GET"]}}],"collection":[{"href":"https:\/\/petrana-sabolek.net\/index.php\/wp-json\/wp\/v2\/posts"}],"about":[{"href":"https:\/\/petrana-sabolek.net\/index.php\/wp-json\/wp\/v2\/types\/post"}],"author":[{"embeddable":true,"href":"https:\/\/petrana-sabolek.net\/index.php\/wp-json\/wp\/v2\/users\/1"}],"replies":[{"embeddable":true,"href":"https:\/\/petrana-sabolek.net\/index.php\/wp-json\/wp\/v2\/comments?post=3752"}],"version-history":[{"count":3,"href":"https:\/\/petrana-sabolek.net\/index.php\/wp-json\/wp\/v2\/posts\/3752\/revisions"}],"predecessor-version":[{"id":3757,"href":"https:\/\/petrana-sabolek.net\/index.php\/wp-json\/wp\/v2\/posts\/3752\/revisions\/3757"}],"wp:featuredmedia":[{"embeddable":true,"href":"https:\/\/petrana-sabolek.net\/index.php\/wp-json\/wp\/v2\/media\/3753"}],"wp:attachment":[{"href":"https:\/\/petrana-sabolek.net\/index.php\/wp-json\/wp\/v2\/media?parent=3752"}],"wp:term":[{"taxonomy":"category","embeddable":true,"href":"https:\/\/petrana-sabolek.net\/index.php\/wp-json\/wp\/v2\/categories?post=3752"},{"taxonomy":"post_tag","embeddable":true,"href":"https:\/\/petrana-sabolek.net\/index.php\/wp-json\/wp\/v2\/tags?post=3752"}],"curies":[{"name":"wp","href":"https:\/\/api.w.org\/{rel}","templated":true}]}}