{"id":3803,"date":"2023-09-24T16:06:39","date_gmt":"2023-09-24T16:06:39","guid":{"rendered":"https:\/\/petrana-sabolek.net\/?p=3803"},"modified":"2023-09-24T17:40:21","modified_gmt":"2023-09-24T17:40:21","slug":"pjesnik-i-slikar","status":"publish","type":"post","link":"https:\/\/petrana-sabolek.net\/index.php\/2023\/09\/24\/pjesnik-i-slikar\/","title":{"rendered":"PJESNIK I SLIKAR"},"content":{"rendered":"<p><img loading=\"lazy\" decoding=\"async\" class=\"alignnone size-large wp-image-3804\" src=\"https:\/\/petrana-sabolek.net\/wp-content\/uploads\/2023\/09\/razvoj-crteza-1024x768.jpg\" alt=\"\" width=\"1024\" height=\"768\" srcset=\"https:\/\/petrana-sabolek.net\/wp-content\/uploads\/2023\/09\/razvoj-crteza-980x735.jpg 980w, https:\/\/petrana-sabolek.net\/wp-content\/uploads\/2023\/09\/razvoj-crteza-480x360.jpg 480w\" sizes=\"auto, (min-width: 0px) and (max-width: 480px) 480px, (min-width: 481px) and (max-width: 980px) 980px, (min-width: 981px) 1024px, 100vw\" \/>PJESNIK I SLIKAR<\/p>\n<p>&nbsp;<\/p>\n<p>Pjesnik i slikar<\/p>\n<p>kao lice i nali\u010dje jedne iste slike<\/p>\n<p>pred praznim papirom odnosno \u0161tafelajem tra\u017ee inspiraciju.<\/p>\n<p>&nbsp;<\/p>\n<p>Gura im se u to ime svakodnevica<\/p>\n<p>najslikovitija u crti\u0107ima za najmla\u0111e<\/p>\n<p>u kojima na nekim novim livadama<\/p>\n<p>neki novi ratnici stvaraju neke nove boji\u0161nice<\/p>\n<p>pa neke nove p\u010dele umjesto sla\u0111ahnog meda<\/p>\n<p>prave nove medom opto\u010dene metke i bombe<\/p>\n<p>a neki novi mravi<\/p>\n<p>u travi<\/p>\n<p>umjesto u borbi za hranu<\/p>\n<p>bruse ticala<\/p>\n<p>za me\u0111usobnu bitku na daljinski.<\/p>\n<p>&nbsp;<\/p>\n<p>I ne spore ni pjesnik ni slikar<\/p>\n<p>da adrenalin mora i kod najmla\u0111ih prostrujati<\/p>\n<p>no zar se ve\u0107 i kod te nevinosti<\/p>\n<p>mora do razine gotovosti<\/p>\n<p>pitaju se oba<\/p>\n<p>dok guslaju\u0107i po svom \u00a0papiru odnosno \u0161tafelaju<\/p>\n<p>stvaraju svaki svoju sliku nekog boljeg \u017eivota<\/p>\n<p>ni nalik lansiranima putem crti\u0107a za najmla\u0111e.<\/p>\n","protected":false},"excerpt":{"rendered":"<p>PJESNIK I SLIKAR &nbsp; Pjesnik i slikar kao lice i nali\u010dje jedne iste slike pred praznim papirom odnosno \u0161tafelajem tra\u017ee inspiraciju. &nbsp; Gura im se u to ime svakodnevica najslikovitija u crti\u0107ima za najmla\u0111e u kojima na nekim novim livadama neki novi ratnici stvaraju neke nove boji\u0161nice pa neke nove p\u010dele umjesto sla\u0111ahnog meda prave [&hellip;]<\/p>\n","protected":false},"author":1,"featured_media":3804,"comment_status":"open","ping_status":"open","sticky":false,"template":"","format":"gallery","meta":{"_et_pb_use_builder":"","_et_pb_old_content":"","_et_gb_content_width":"","footnotes":""},"categories":[7,3,1],"tags":[],"class_list":["post-3803","post","type-post","status-publish","format-gallery","has-post-thumbnail","hentry","category-blog","category-poezija","category-uncategorized","post_format-post-format-gallery"],"_links":{"self":[{"href":"https:\/\/petrana-sabolek.net\/index.php\/wp-json\/wp\/v2\/posts\/3803","targetHints":{"allow":["GET"]}}],"collection":[{"href":"https:\/\/petrana-sabolek.net\/index.php\/wp-json\/wp\/v2\/posts"}],"about":[{"href":"https:\/\/petrana-sabolek.net\/index.php\/wp-json\/wp\/v2\/types\/post"}],"author":[{"embeddable":true,"href":"https:\/\/petrana-sabolek.net\/index.php\/wp-json\/wp\/v2\/users\/1"}],"replies":[{"embeddable":true,"href":"https:\/\/petrana-sabolek.net\/index.php\/wp-json\/wp\/v2\/comments?post=3803"}],"version-history":[{"count":1,"href":"https:\/\/petrana-sabolek.net\/index.php\/wp-json\/wp\/v2\/posts\/3803\/revisions"}],"predecessor-version":[{"id":3805,"href":"https:\/\/petrana-sabolek.net\/index.php\/wp-json\/wp\/v2\/posts\/3803\/revisions\/3805"}],"wp:featuredmedia":[{"embeddable":true,"href":"https:\/\/petrana-sabolek.net\/index.php\/wp-json\/wp\/v2\/media\/3804"}],"wp:attachment":[{"href":"https:\/\/petrana-sabolek.net\/index.php\/wp-json\/wp\/v2\/media?parent=3803"}],"wp:term":[{"taxonomy":"category","embeddable":true,"href":"https:\/\/petrana-sabolek.net\/index.php\/wp-json\/wp\/v2\/categories?post=3803"},{"taxonomy":"post_tag","embeddable":true,"href":"https:\/\/petrana-sabolek.net\/index.php\/wp-json\/wp\/v2\/tags?post=3803"}],"curies":[{"name":"wp","href":"https:\/\/api.w.org\/{rel}","templated":true}]}}