{"id":3831,"date":"2023-10-09T07:44:28","date_gmt":"2023-10-09T07:44:28","guid":{"rendered":"https:\/\/petrana-sabolek.net\/?p=3831"},"modified":"2023-10-09T07:44:28","modified_gmt":"2023-10-09T07:44:28","slug":"ograniceni-rok","status":"publish","type":"post","link":"https:\/\/petrana-sabolek.net\/index.php\/2023\/10\/09\/ograniceni-rok\/","title":{"rendered":"OGRANI\u010cENI ROK"},"content":{"rendered":"<p><img loading=\"lazy\" decoding=\"async\" class=\"alignnone size-full wp-image-3832\" src=\"https:\/\/petrana-sabolek.net\/wp-content\/uploads\/2023\/10\/768x432-ba054e7c-9d09-11eb-870c-cedfb09875dd.webp\" alt=\"\" width=\"768\" height=\"432\" srcset=\"https:\/\/petrana-sabolek.net\/wp-content\/uploads\/2023\/10\/768x432-ba054e7c-9d09-11eb-870c-cedfb09875dd.webp 768w, https:\/\/petrana-sabolek.net\/wp-content\/uploads\/2023\/10\/768x432-ba054e7c-9d09-11eb-870c-cedfb09875dd-480x270.webp 480w\" sizes=\"auto, (min-width: 0px) and (max-width: 480px) 480px, (min-width: 481px) 768px, 100vw\" \/>Daleko je od primjerenog, no kao \u0161to povijest ka\u017ee, mo\u017eda je doista potrebno da rat izbije, bukne, razvije barjak svakih 30 do 50 godina; da neovisno o bilateralnim razlozima jednostavno nastupi potreba da se zahukta neki novi razvoj, da se dignu uljuljkane potro\u0161a\u010dke potrebe, da se razbije u\u010dmalu svakodnevicu te se u to ime potakne adrenalin, rastjera ljudstvo \u2013 pokrene migraciju raspr\u0161enoga stada kako bi mije\u0161anjem na nekim novim \u201epa\u0161njacima\u201c stasale neke nove generacije, pomirljivije od prethodnih, te pou\u010dene proteklim postali bolji ljudi makar i opet samo na ograni\u010deni rok od 30 do 50 godina.<\/p>\n","protected":false},"excerpt":{"rendered":"<p>Daleko je od primjerenog, no kao \u0161to povijest ka\u017ee, mo\u017eda je doista potrebno da rat izbije, bukne, razvije barjak svakih 30 do 50 godina; da neovisno o bilateralnim razlozima jednostavno nastupi potreba da se zahukta neki novi razvoj, da se dignu uljuljkane potro\u0161a\u010dke potrebe, da se razbije u\u010dmalu svakodnevicu te se u to ime potakne [&hellip;]<\/p>\n","protected":false},"author":1,"featured_media":3832,"comment_status":"open","ping_status":"open","sticky":false,"template":"","format":"gallery","meta":{"_et_pb_use_builder":"","_et_pb_old_content":"","_et_gb_content_width":"","footnotes":""},"categories":[7,3,1],"tags":[],"class_list":["post-3831","post","type-post","status-publish","format-gallery","has-post-thumbnail","hentry","category-blog","category-poezija","category-uncategorized","post_format-post-format-gallery"],"_links":{"self":[{"href":"https:\/\/petrana-sabolek.net\/index.php\/wp-json\/wp\/v2\/posts\/3831","targetHints":{"allow":["GET"]}}],"collection":[{"href":"https:\/\/petrana-sabolek.net\/index.php\/wp-json\/wp\/v2\/posts"}],"about":[{"href":"https:\/\/petrana-sabolek.net\/index.php\/wp-json\/wp\/v2\/types\/post"}],"author":[{"embeddable":true,"href":"https:\/\/petrana-sabolek.net\/index.php\/wp-json\/wp\/v2\/users\/1"}],"replies":[{"embeddable":true,"href":"https:\/\/petrana-sabolek.net\/index.php\/wp-json\/wp\/v2\/comments?post=3831"}],"version-history":[{"count":1,"href":"https:\/\/petrana-sabolek.net\/index.php\/wp-json\/wp\/v2\/posts\/3831\/revisions"}],"predecessor-version":[{"id":3833,"href":"https:\/\/petrana-sabolek.net\/index.php\/wp-json\/wp\/v2\/posts\/3831\/revisions\/3833"}],"wp:featuredmedia":[{"embeddable":true,"href":"https:\/\/petrana-sabolek.net\/index.php\/wp-json\/wp\/v2\/media\/3832"}],"wp:attachment":[{"href":"https:\/\/petrana-sabolek.net\/index.php\/wp-json\/wp\/v2\/media?parent=3831"}],"wp:term":[{"taxonomy":"category","embeddable":true,"href":"https:\/\/petrana-sabolek.net\/index.php\/wp-json\/wp\/v2\/categories?post=3831"},{"taxonomy":"post_tag","embeddable":true,"href":"https:\/\/petrana-sabolek.net\/index.php\/wp-json\/wp\/v2\/tags?post=3831"}],"curies":[{"name":"wp","href":"https:\/\/api.w.org\/{rel}","templated":true}]}}