{"id":3865,"date":"2023-11-22T15:03:57","date_gmt":"2023-11-22T15:03:57","guid":{"rendered":"https:\/\/petrana-sabolek.net\/?p=3865"},"modified":"2023-11-22T15:04:02","modified_gmt":"2023-11-22T15:04:02","slug":"uz-dan-30-obljetnice-programa-promicanja-dojenja-u-rh","status":"publish","type":"post","link":"https:\/\/petrana-sabolek.net\/index.php\/2023\/11\/22\/uz-dan-30-obljetnice-programa-promicanja-dojenja-u-rh\/","title":{"rendered":"UZ DAN &#8211; 30. OBLJETNICE  PROGRAMA PROMICANJA DOJENJA U RH"},"content":{"rendered":"<p><img loading=\"lazy\" decoding=\"async\" class=\"alignnone size-large wp-image-3866\" src=\"https:\/\/petrana-sabolek.net\/wp-content\/uploads\/2023\/11\/20231122_152135-1-827x1024.jpg\" alt=\"\" width=\"827\" height=\"1024\" \/>\u010cast mi je bila prisustvovati dana\u0161njem sve\u010danom obilje\u017eavanju 30 godina Programa promicanja dojenja u RH, odr\u017eanog u hotelu Internacional u Zagrebu, u organizaciji UNICEFA i Ministarstva zdravstva RH. Lijepo je bilo ponovo sresti pionire ove Unicefove inicijative iz 1991. godine, kojoj se Hrvatska priklju\u010dila 1995., a kojima i sama pripadam te brojne nove kroz minule godine stasale entuzijaste, poklonike istog programa. Tom prigodom uru\u010dena su i priznanja o obnovi statusa \u201eRodili\u0161ta prijatelji djece\u201c, OB Vara\u017edin, OB \u010cakovec, OB Gospi\u0107 i OB \u0160ibensko \u2013 kninske \u017eupanije. Priznanje OB \u010cakovec primio je ravnatelj bolnice, Igor \u0160egovi\u0107, dr. med. spec. pedijatrije, subspec. dje\u010dje gastroenterologije te najzaslu\u017enije za njega, prim. mr. sc. Marije Hegedu\u0161 Jungvirth dr. med. te voditeljica Odjela neonatologije \u010dakove\u010dke bolnice, Bernarda Medlobi Vinkovi\u0107, dr. med., u\u017ei specijalist neonatologije. Na slikama uzvanici iz \u010cakovca uz \u010dakov\u010danku Izv. prof. dr. sc. Anitu Pavi\u010di\u0107 Bo\u0161njak, dr. med. me\u0111u gotovo stotinjak pristiglih iz svih krajeva Hrvatske.<\/p>\n","protected":false},"excerpt":{"rendered":"<p>\u010cast mi je bila prisustvovati dana\u0161njem sve\u010danom obilje\u017eavanju 30 godina Programa promicanja dojenja u RH, odr\u017eanog u hotelu Internacional u Zagrebu, u organizaciji UNICEFA i Ministarstva zdravstva RH. Lijepo je bilo ponovo sresti pionire ove Unicefove inicijative iz 1991. godine, kojoj se Hrvatska priklju\u010dila 1995., a kojima i sama pripadam te brojne nove kroz minule [&hellip;]<\/p>\n","protected":false},"author":1,"featured_media":3866,"comment_status":"open","ping_status":"open","sticky":false,"template":"","format":"gallery","meta":{"_et_pb_use_builder":"","_et_pb_old_content":"","_et_gb_content_width":"","footnotes":""},"categories":[7,6],"tags":[],"class_list":["post-3865","post","type-post","status-publish","format-gallery","has-post-thumbnail","hentry","category-blog","category-uz-dan","post_format-post-format-gallery"],"_links":{"self":[{"href":"https:\/\/petrana-sabolek.net\/index.php\/wp-json\/wp\/v2\/posts\/3865","targetHints":{"allow":["GET"]}}],"collection":[{"href":"https:\/\/petrana-sabolek.net\/index.php\/wp-json\/wp\/v2\/posts"}],"about":[{"href":"https:\/\/petrana-sabolek.net\/index.php\/wp-json\/wp\/v2\/types\/post"}],"author":[{"embeddable":true,"href":"https:\/\/petrana-sabolek.net\/index.php\/wp-json\/wp\/v2\/users\/1"}],"replies":[{"embeddable":true,"href":"https:\/\/petrana-sabolek.net\/index.php\/wp-json\/wp\/v2\/comments?post=3865"}],"version-history":[{"count":1,"href":"https:\/\/petrana-sabolek.net\/index.php\/wp-json\/wp\/v2\/posts\/3865\/revisions"}],"predecessor-version":[{"id":3867,"href":"https:\/\/petrana-sabolek.net\/index.php\/wp-json\/wp\/v2\/posts\/3865\/revisions\/3867"}],"wp:featuredmedia":[{"embeddable":true,"href":"https:\/\/petrana-sabolek.net\/index.php\/wp-json\/wp\/v2\/media\/3866"}],"wp:attachment":[{"href":"https:\/\/petrana-sabolek.net\/index.php\/wp-json\/wp\/v2\/media?parent=3865"}],"wp:term":[{"taxonomy":"category","embeddable":true,"href":"https:\/\/petrana-sabolek.net\/index.php\/wp-json\/wp\/v2\/categories?post=3865"},{"taxonomy":"post_tag","embeddable":true,"href":"https:\/\/petrana-sabolek.net\/index.php\/wp-json\/wp\/v2\/tags?post=3865"}],"curies":[{"name":"wp","href":"https:\/\/api.w.org\/{rel}","templated":true}]}}