{"id":3890,"date":"2024-02-24T23:02:02","date_gmt":"2024-02-24T23:02:02","guid":{"rendered":"https:\/\/petrana-sabolek.net\/?p=3890"},"modified":"2024-02-24T23:06:32","modified_gmt":"2024-02-24T23:06:32","slug":"mrak-ili-tama","status":"publish","type":"post","link":"https:\/\/petrana-sabolek.net\/index.php\/2024\/02\/24\/mrak-ili-tama\/","title":{"rendered":"MRAK ILI TAMA"},"content":{"rendered":"<div class=\"xdj266r x11i5rnm xat24cr x1mh8g0r x1vvkbs x126k92a\">\n<div dir=\"auto\"><\/div>\n<\/div>\n<div class=\"x11i5rnm xat24cr x1mh8g0r x1vvkbs xtlvy1s x126k92a\">\n<div dir=\"auto\"><img loading=\"lazy\" decoding=\"async\" class=\"alignnone size-full wp-image-2632\" src=\"https:\/\/petrana-sabolek.net\/wp-content\/uploads\/2022\/04\/0b6dacfad108aa935d383cfd5169766b-black-photography-classic-photography-2.jpg\" alt=\"\" width=\"412\" height=\"500\" srcset=\"https:\/\/petrana-sabolek.net\/wp-content\/uploads\/2022\/04\/0b6dacfad108aa935d383cfd5169766b-black-photography-classic-photography-2.jpg 412w, https:\/\/petrana-sabolek.net\/wp-content\/uploads\/2022\/04\/0b6dacfad108aa935d383cfd5169766b-black-photography-classic-photography-2-247x300.jpg 247w\" sizes=\"auto, (max-width: 412px) 100vw, 412px\" \/><\/div>\n<div dir=\"auto\"><\/div>\n<div dir=\"auto\"><\/div>\n<div dir=\"auto\">Mrak ili tama<\/div>\n<\/div>\n<div class=\"x11i5rnm xat24cr x1mh8g0r x1vvkbs xtlvy1s x126k92a\">\n<div dir=\"auto\">pomr\u010dina ili tmina<\/div>\n<div dir=\"auto\">sitne razlike ne mijenjaju su\u0161tinu \u2013<\/div>\n<div dir=\"auto\">crno je crno.<\/div>\n<div dir=\"auto\"><\/div>\n<\/div>\n<div class=\"x11i5rnm xat24cr x1mh8g0r x1vvkbs xtlvy1s x126k92a\">\n<div dir=\"auto\">Obi\u010dan mrak je stanje bez svjetla<\/div>\n<div dir=\"auto\">u no\u0107ima bez mjese\u010deva sjaja<\/div>\n<div dir=\"auto\">na ulici kad redukcija pogasi uli\u010dnu rasvjetu<\/div>\n<div dir=\"auto\">u samotnim ku\u0107ama u kojima vi\u0161e nema tko upaliti svjetlo<\/div>\n<div dir=\"auto\">u podrumu<\/div>\n<div dir=\"auto\">u ormaru<\/div>\n<div dir=\"auto\">u bunkeru<\/div>\n<div dir=\"auto\">i sli\u010dnom uto\u010di\u0161tu nemilosti i straha.<\/div>\n<div dir=\"auto\"><\/div>\n<\/div>\n<div class=\"x11i5rnm xat24cr x1mh8g0r x1vvkbs xtlvy1s x126k92a\">\n<div dir=\"auto\">Tmina ili tama je mrak s respektom:<\/div>\n<div dir=\"auto\">za \u017eivot bez ljubavi ili voljenog bi\u0107a<\/div>\n<div dir=\"auto\">za \u017eivot s tugom<\/div>\n<div dir=\"auto\">patnjom<\/div>\n<div dir=\"auto\">u sva\u0111i ili pod prijetnjama,<\/div>\n<div dir=\"auto\">za \u017eivot sa sje\u0107anjem na nevoljene padove i bjegove<\/div>\n<div dir=\"auto\">na la\u017ena obe\u0107anja i jalova o\u010dekivanja<\/div>\n<div dir=\"auto\">na pogled u zid<\/div>\n<div dir=\"auto\">u re\u0161etke<\/div>\n<div dir=\"auto\">u mrak<\/div>\n<div dir=\"auto\">osobito u besanu no\u0107<\/div>\n<div dir=\"auto\">kad sklopljene ruke mole za bar jo\u0161 jedan jutarnji osvit.<\/div>\n<\/div>\n","protected":false},"excerpt":{"rendered":"<p>Mrak ili tama pomr\u010dina ili tmina sitne razlike ne mijenjaju su\u0161tinu \u2013 crno je crno. Obi\u010dan mrak je stanje bez svjetla u no\u0107ima bez mjese\u010deva sjaja na ulici kad redukcija pogasi uli\u010dnu rasvjetu u samotnim ku\u0107ama u kojima vi\u0161e nema tko upaliti svjetlo u podrumu u ormaru u bunkeru i sli\u010dnom uto\u010di\u0161tu nemilosti i straha. [&hellip;]<\/p>\n","protected":false},"author":1,"featured_media":2632,"comment_status":"open","ping_status":"open","sticky":false,"template":"","format":"gallery","meta":{"_et_pb_use_builder":"","_et_pb_old_content":"","_et_gb_content_width":"","footnotes":""},"categories":[7,3,1],"tags":[],"class_list":["post-3890","post","type-post","status-publish","format-gallery","has-post-thumbnail","hentry","category-blog","category-poezija","category-uncategorized","post_format-post-format-gallery"],"_links":{"self":[{"href":"https:\/\/petrana-sabolek.net\/index.php\/wp-json\/wp\/v2\/posts\/3890","targetHints":{"allow":["GET"]}}],"collection":[{"href":"https:\/\/petrana-sabolek.net\/index.php\/wp-json\/wp\/v2\/posts"}],"about":[{"href":"https:\/\/petrana-sabolek.net\/index.php\/wp-json\/wp\/v2\/types\/post"}],"author":[{"embeddable":true,"href":"https:\/\/petrana-sabolek.net\/index.php\/wp-json\/wp\/v2\/users\/1"}],"replies":[{"embeddable":true,"href":"https:\/\/petrana-sabolek.net\/index.php\/wp-json\/wp\/v2\/comments?post=3890"}],"version-history":[{"count":5,"href":"https:\/\/petrana-sabolek.net\/index.php\/wp-json\/wp\/v2\/posts\/3890\/revisions"}],"predecessor-version":[{"id":3896,"href":"https:\/\/petrana-sabolek.net\/index.php\/wp-json\/wp\/v2\/posts\/3890\/revisions\/3896"}],"wp:featuredmedia":[{"embeddable":true,"href":"https:\/\/petrana-sabolek.net\/index.php\/wp-json\/wp\/v2\/media\/2632"}],"wp:attachment":[{"href":"https:\/\/petrana-sabolek.net\/index.php\/wp-json\/wp\/v2\/media?parent=3890"}],"wp:term":[{"taxonomy":"category","embeddable":true,"href":"https:\/\/petrana-sabolek.net\/index.php\/wp-json\/wp\/v2\/categories?post=3890"},{"taxonomy":"post_tag","embeddable":true,"href":"https:\/\/petrana-sabolek.net\/index.php\/wp-json\/wp\/v2\/tags?post=3890"}],"curies":[{"name":"wp","href":"https:\/\/api.w.org\/{rel}","templated":true}]}}