{"id":3903,"date":"2024-04-26T18:29:37","date_gmt":"2024-04-26T18:29:37","guid":{"rendered":"https:\/\/petrana-sabolek.net\/?p=3903"},"modified":"2024-04-27T11:55:54","modified_gmt":"2024-04-27T11:55:54","slug":"bezvrijeme","status":"publish","type":"post","link":"https:\/\/petrana-sabolek.net\/index.php\/2024\/04\/26\/bezvrijeme\/","title":{"rendered":"BEZVRIJEME"},"content":{"rendered":"<p><img loading=\"lazy\" decoding=\"async\" class=\"alignnone size-full wp-image-1267\" src=\"https:\/\/petrana-sabolek.net\/wp-content\/uploads\/2021\/09\/sentencije1.png\" alt=\"\" width=\"1020\" height=\"888\" srcset=\"https:\/\/petrana-sabolek.net\/wp-content\/uploads\/2021\/09\/sentencije1.png 1020w, https:\/\/petrana-sabolek.net\/wp-content\/uploads\/2021\/09\/sentencije1-980x853.png 980w, https:\/\/petrana-sabolek.net\/wp-content\/uploads\/2021\/09\/sentencije1-480x418.png 480w\" sizes=\"auto, (min-width: 0px) and (max-width: 480px) 480px, (min-width: 481px) and (max-width: 980px) 980px, (min-width: 981px) 1020px, 100vw\" \/><\/p>\n<p>Bit \u0107e to neko drugo vrijeme<\/p>\n<p>kada se svi bogovi spuste s neba<\/p>\n<p>i sjednu za zajedni\u010dki stol<\/p>\n<p>pa i Zemlja da promjenama obol<\/p>\n<p>te kona\u010dno i Vremenu istekne vrijeme<\/p>\n<p>otmu se minute i \u010dasi<\/p>\n<p>prolje\u0107a<\/p>\n<p>ljeta<\/p>\n<p>jeseni<\/p>\n<p>i zime<\/p>\n<p>odstupe i sve zemaljske klime<\/p>\n<p>od tropske do stepske<\/p>\n<p>od pustinjske do pra\u0161umske<\/p>\n<p>i \u0107ak rijeke i mora svome iskonu uteknu<\/p>\n<p>na vje\u010dni ne\u017eivot se i oceani zareknu<\/p>\n<p>nestanu\u00a0 i mjesec<\/p>\n<p>i sunce<\/p>\n<p>i zvijezde<\/p>\n<p>i samo \u010dovjek<\/p>\n<p>samotna jedinka nekim slu\u010daje ostane \u2013<\/p>\n<p>osvane kao jedinstven svemirski primjerak<\/p>\n<p>kao nevi\u0111ena bezvremenska zvijer<\/p>\n<p>pa ma tko to bio uzet za primjer<\/p>\n<p>osvanut \u0107e s pitanjem na usnama<\/p>\n<p>kako neka ga zakrili tama<\/p>\n<p>i kako nek mu se du\u0161a<\/p>\n<p>na vje\u010dnost ka\u017enjena<\/p>\n<p>otme okovu bezvremena.<\/p>\n","protected":false},"excerpt":{"rendered":"<p>Bit \u0107e to neko drugo vrijeme kada se svi bogovi spuste s neba i sjednu za zajedni\u010dki stol pa i Zemlja da promjenama obol te kona\u010dno i Vremenu istekne vrijeme otmu se minute i \u010dasi prolje\u0107a ljeta jeseni i zime odstupe i sve zemaljske klime od tropske do stepske od pustinjske do pra\u0161umske i \u0107ak [&hellip;]<\/p>\n","protected":false},"author":1,"featured_media":1267,"comment_status":"open","ping_status":"open","sticky":false,"template":"","format":"gallery","meta":{"_et_pb_use_builder":"","_et_pb_old_content":"","_et_gb_content_width":"","footnotes":""},"categories":[7,3,1],"tags":[],"class_list":["post-3903","post","type-post","status-publish","format-gallery","has-post-thumbnail","hentry","category-blog","category-poezija","category-uncategorized","post_format-post-format-gallery"],"_links":{"self":[{"href":"https:\/\/petrana-sabolek.net\/index.php\/wp-json\/wp\/v2\/posts\/3903","targetHints":{"allow":["GET"]}}],"collection":[{"href":"https:\/\/petrana-sabolek.net\/index.php\/wp-json\/wp\/v2\/posts"}],"about":[{"href":"https:\/\/petrana-sabolek.net\/index.php\/wp-json\/wp\/v2\/types\/post"}],"author":[{"embeddable":true,"href":"https:\/\/petrana-sabolek.net\/index.php\/wp-json\/wp\/v2\/users\/1"}],"replies":[{"embeddable":true,"href":"https:\/\/petrana-sabolek.net\/index.php\/wp-json\/wp\/v2\/comments?post=3903"}],"version-history":[{"count":3,"href":"https:\/\/petrana-sabolek.net\/index.php\/wp-json\/wp\/v2\/posts\/3903\/revisions"}],"predecessor-version":[{"id":3906,"href":"https:\/\/petrana-sabolek.net\/index.php\/wp-json\/wp\/v2\/posts\/3903\/revisions\/3906"}],"wp:featuredmedia":[{"embeddable":true,"href":"https:\/\/petrana-sabolek.net\/index.php\/wp-json\/wp\/v2\/media\/1267"}],"wp:attachment":[{"href":"https:\/\/petrana-sabolek.net\/index.php\/wp-json\/wp\/v2\/media?parent=3903"}],"wp:term":[{"taxonomy":"category","embeddable":true,"href":"https:\/\/petrana-sabolek.net\/index.php\/wp-json\/wp\/v2\/categories?post=3903"},{"taxonomy":"post_tag","embeddable":true,"href":"https:\/\/petrana-sabolek.net\/index.php\/wp-json\/wp\/v2\/tags?post=3903"}],"curies":[{"name":"wp","href":"https:\/\/api.w.org\/{rel}","templated":true}]}}