{"id":3922,"date":"2024-06-29T18:22:09","date_gmt":"2024-06-29T18:22:09","guid":{"rendered":"https:\/\/petrana-sabolek.net\/?p=3922"},"modified":"2024-06-29T18:22:09","modified_gmt":"2024-06-29T18:22:09","slug":"leptir-masna-oko-vrata","status":"publish","type":"post","link":"https:\/\/petrana-sabolek.net\/index.php\/2024\/06\/29\/leptir-masna-oko-vrata\/","title":{"rendered":"LEPTIR MA\u0160NA OKO VRATA"},"content":{"rendered":"<p><img loading=\"lazy\" decoding=\"async\" class=\"alignnone wp-image-3923 size-full\" src=\"https:\/\/petrana-sabolek.net\/wp-content\/uploads\/2024\/06\/klaun-1-e1719685265829.jpg\" alt=\"\" width=\"728\" height=\"903\" srcset=\"https:\/\/petrana-sabolek.net\/wp-content\/uploads\/2024\/06\/klaun-1-e1719685265829-728x551.jpg 728w, https:\/\/petrana-sabolek.net\/wp-content\/uploads\/2024\/06\/klaun-1-e1719685265829-480x270.jpg 480w\" sizes=\"auto, (min-width: 0px) and (max-width: 480px) 480px, (min-width: 481px) and (max-width: 728px) 728px, 100vw\" \/><\/p>\n<p>Ve\u0107 zaboravljena iz zbirke \u201ePjesme iz Apsurdistana\u201c, 2019.<\/p>\n<p>&nbsp;<\/p>\n<p>LEPTIR-MA\u0160NA OKO VRATA<\/p>\n<p>&nbsp;<\/p>\n<p>leptir\u2013ma\u0161na oko vrata<\/p>\n<p>a u d\u017eepu niti gro\u0161a<\/p>\n<p>oblak se pred suncem skrio<\/p>\n<p>vremena mo\u017eda i nisu lo\u0161a<\/p>\n<p>&nbsp;<\/p>\n<p>a ne tra\u017eim puno<\/p>\n<p>ka\u017eem<\/p>\n<p>i ve\u0107 vidim se na sceni<\/p>\n<p>klaun sam<\/p>\n<p>metresa<\/p>\n<p>car<\/p>\n<p>borac s bikom u areni<\/p>\n<p>&nbsp;<\/p>\n<p>leptir\u2013ma\u0161na oko vrata<\/p>\n<p>\u017eivot vrti me u krugu<\/p>\n<p>sre\u0107a zove nek ju zgrabim<\/p>\n<p>il&#8217; priliku nek \u010dekam drugu<\/p>\n<p>pa ja ska\u010dem<\/p>\n<p>ja se lomim<\/p>\n<p>di\u017eem moral<\/p>\n<p>dra\u017eim vjeru<\/p>\n<p>suze<\/p>\n<p>smijeh<\/p>\n<p>ples krabulja<\/p>\n<p>\u017eivot stvarno nema mjeru<\/p>\n<p>&nbsp;<\/p>\n<p>leptir\u2013ma\u0161na oko vrata<\/p>\n<p>u reveru crven ru\u017ea<\/p>\n<p>daj<\/p>\n<p>sudbino<\/p>\n<p>pro\u0161e\u0107i malo<\/p>\n<p>mo\u017eda more \u0161ansu pru\u017ea<\/p>\n<p>&nbsp;<\/p>\n<p>i bacam mu crven ru\u017eu<\/p>\n<p>nek pu\u010dinom morskom \u0161e\u0107e<\/p>\n<p>no\u0107 s obzora \u0161to se valja<\/p>\n<p>mo\u017eda sti\u017ee s vi\u0161e sre\u0107e<\/p>\n<p>______________________________________________<\/p>\n<p>Objavljeno u zbirci radova 7. Me\u0111unarodnog pjesni\u010dkog festivala<\/p>\n<p>&#8220;More na dlanu &#8211; stihovi \u0161apu\u0107u \u0161koljci&#8221;, 2018.<\/p>\n","protected":false},"excerpt":{"rendered":"<p>Ve\u0107 zaboravljena iz zbirke \u201ePjesme iz Apsurdistana\u201c, 2019. &nbsp; LEPTIR-MA\u0160NA OKO VRATA &nbsp; leptir\u2013ma\u0161na oko vrata a u d\u017eepu niti gro\u0161a oblak se pred suncem skrio vremena mo\u017eda i nisu lo\u0161a &nbsp; a ne tra\u017eim puno ka\u017eem i ve\u0107 vidim se na sceni klaun sam metresa car borac s bikom u areni &nbsp; leptir\u2013ma\u0161na oko [&hellip;]<\/p>\n","protected":false},"author":1,"featured_media":3923,"comment_status":"open","ping_status":"open","sticky":false,"template":"","format":"gallery","meta":{"_et_pb_use_builder":"","_et_pb_old_content":"","_et_gb_content_width":"","footnotes":""},"categories":[7,3,1],"tags":[],"class_list":["post-3922","post","type-post","status-publish","format-gallery","has-post-thumbnail","hentry","category-blog","category-poezija","category-uncategorized","post_format-post-format-gallery"],"_links":{"self":[{"href":"https:\/\/petrana-sabolek.net\/index.php\/wp-json\/wp\/v2\/posts\/3922","targetHints":{"allow":["GET"]}}],"collection":[{"href":"https:\/\/petrana-sabolek.net\/index.php\/wp-json\/wp\/v2\/posts"}],"about":[{"href":"https:\/\/petrana-sabolek.net\/index.php\/wp-json\/wp\/v2\/types\/post"}],"author":[{"embeddable":true,"href":"https:\/\/petrana-sabolek.net\/index.php\/wp-json\/wp\/v2\/users\/1"}],"replies":[{"embeddable":true,"href":"https:\/\/petrana-sabolek.net\/index.php\/wp-json\/wp\/v2\/comments?post=3922"}],"version-history":[{"count":2,"href":"https:\/\/petrana-sabolek.net\/index.php\/wp-json\/wp\/v2\/posts\/3922\/revisions"}],"predecessor-version":[{"id":3925,"href":"https:\/\/petrana-sabolek.net\/index.php\/wp-json\/wp\/v2\/posts\/3922\/revisions\/3925"}],"wp:featuredmedia":[{"embeddable":true,"href":"https:\/\/petrana-sabolek.net\/index.php\/wp-json\/wp\/v2\/media\/3923"}],"wp:attachment":[{"href":"https:\/\/petrana-sabolek.net\/index.php\/wp-json\/wp\/v2\/media?parent=3922"}],"wp:term":[{"taxonomy":"category","embeddable":true,"href":"https:\/\/petrana-sabolek.net\/index.php\/wp-json\/wp\/v2\/categories?post=3922"},{"taxonomy":"post_tag","embeddable":true,"href":"https:\/\/petrana-sabolek.net\/index.php\/wp-json\/wp\/v2\/tags?post=3922"}],"curies":[{"name":"wp","href":"https:\/\/api.w.org\/{rel}","templated":true}]}}