{"id":3927,"date":"2024-07-15T09:09:40","date_gmt":"2024-07-15T09:09:40","guid":{"rendered":"https:\/\/petrana-sabolek.net\/?p=3927"},"modified":"2024-08-20T07:22:08","modified_gmt":"2024-08-20T07:22:08","slug":"dvije-prve-iz-nove-poetske-zbirke-niti-spone-relacije","status":"publish","type":"post","link":"https:\/\/petrana-sabolek.net\/index.php\/2024\/07\/15\/dvije-prve-iz-nove-poetske-zbirke-niti-spone-relacije\/","title":{"rendered":"DVIJE PRVE IZ NOVE POETSKE ZBIRKE &#8220;NITI SPONE RELACIJE&#8221;"},"content":{"rendered":"<p><img loading=\"lazy\" decoding=\"async\" class=\"alignnone size-large wp-image-3917\" src=\"https:\/\/petrana-sabolek.net\/wp-content\/uploads\/2024\/06\/petrana_mockup1-768x1024.png\" alt=\"\" width=\"768\" height=\"1024\" srcset=\"https:\/\/petrana-sabolek.net\/wp-content\/uploads\/2024\/06\/petrana_mockup1-768x1024.png 768w, https:\/\/petrana-sabolek.net\/wp-content\/uploads\/2024\/06\/petrana_mockup1-480x640.png 480w\" sizes=\"auto, (min-width: 0px) and (max-width: 480px) 480px, (min-width: 481px) 768px, 100vw\" \/><\/p>\n<p>SELEKCIJSKI NEOPREZ<\/p>\n<p>&nbsp;<\/p>\n<p>&nbsp;<\/p>\n<p>slave\u0107i jo\u0161 jedno jutro<\/p>\n<p>u tom djeli\u010dku nebeskog dara \u0161to ga \u010dovjek naziva \u017eivot<\/p>\n<p>nijemo zastajem pri pomisli da sam mogla i ne dobiti ga:<\/p>\n<p>ostati slu\u010dajno ili namjerno zaboravljena ili \u010dak izop\u0107ena<\/p>\n<p>hitnuta ustranu kao neupotrebljivo sjeme<\/p>\n<p>te zavr\u0161iti u ko\u0161u ni\u017eih vrsta<\/p>\n<p>uz biljke<\/p>\n<p>\u017eivotinje<\/p>\n<p>amebe<\/p>\n<p>ili \u010dak u onom drugom \u2013 za sme\u0107e<\/p>\n<p>&nbsp;<\/p>\n<p>a mogla sam se i s darovanim ne usre\u0107iti<\/p>\n<p>te i opet<\/p>\n<p>slu\u010dajno ili namjerno<\/p>\n<p>zastraniti putovima \u0111avolje du\u0161e<\/p>\n<p>zaorati poljima \u017eivotnih brazdi nedostojnih \u010dovjeka<\/p>\n<p>te u naravi ostati i\/ili postati<\/p>\n<p>jo\u0161 samo jedan dokaz vi\u0161e<\/p>\n<p>selekcijskog neopreza<\/p>\n<p>\u0161to se<\/p>\n<p>eto<\/p>\n<p>oteo i Provi\u0111enju<\/p>\n<p>ba\u0161 kad mu moja du\u0161a dopala ruku<\/p>\n<p>&nbsp;<\/p>\n<p>&nbsp;<\/p>\n<p>JA, PJESNIK<\/p>\n<p>&nbsp;<\/p>\n<p>misao<\/p>\n<p>rije\u010d<\/p>\n<p>slika<\/p>\n<p>metafora<\/p>\n<p>stilska figura<\/p>\n<p>jo\u0161 poneki jezi\u010dni glamur<\/p>\n<p>mudrolija ili bravura<\/p>\n<p>i vje\u010dna pjesni\u010dka dilema:<\/p>\n<p>\u0161to je va\u017enije za poetski most prema ljudskom srcu<\/p>\n<p>rije\u010d ili slika<\/p>\n<p>i mogu\u0107e je da odgovor i ne postoji<\/p>\n<p>no ja ga i danas tra\u017eim me\u0111u rije\u010dima i slikama<\/p>\n<p>\u0161to ne prestale izvirati od trenutka kad me samo jedna<\/p>\n<p>samo jednom slikom navukla na taj pjesni\u010dki sprud<\/p>\n<p>na kojem zauvijek ostajem nasukana<\/p>\n<p>ponavljaju\u0107i je:<\/p>\n<p><em>\u2026 \u010duj kako jau\u010de vetar<\/em><\/p>\n<p><em>kroz puste poljane na\u0161e<\/em><\/p>\n<p><em>i guste slojeve magle u vla\u017eni valja d\u00f4\u2026*<\/em><\/p>\n<p><em>\u00a0<\/em><\/p>\n<p>* \u201eU poznu jesen\u201d, Vojislav Ili\u0107, 1862-1894, srpski pjesnik<\/p>\n","protected":false},"excerpt":{"rendered":"<p>SELEKCIJSKI NEOPREZ &nbsp; &nbsp; slave\u0107i jo\u0161 jedno jutro u tom djeli\u010dku nebeskog dara \u0161to ga \u010dovjek naziva \u017eivot nijemo zastajem pri pomisli da sam mogla i ne dobiti ga: ostati slu\u010dajno ili namjerno zaboravljena ili \u010dak izop\u0107ena hitnuta ustranu kao neupotrebljivo sjeme te zavr\u0161iti u ko\u0161u ni\u017eih vrsta uz biljke \u017eivotinje amebe ili \u010dak u [&hellip;]<\/p>\n","protected":false},"author":1,"featured_media":3917,"comment_status":"open","ping_status":"open","sticky":false,"template":"","format":"gallery","meta":{"_et_pb_use_builder":"","_et_pb_old_content":"","_et_gb_content_width":"","footnotes":""},"categories":[7,9,3,1],"tags":[],"class_list":["post-3927","post","type-post","status-publish","format-gallery","has-post-thumbnail","hentry","category-blog","category-novosti","category-poezija","category-uncategorized","post_format-post-format-gallery"],"_links":{"self":[{"href":"https:\/\/petrana-sabolek.net\/index.php\/wp-json\/wp\/v2\/posts\/3927","targetHints":{"allow":["GET"]}}],"collection":[{"href":"https:\/\/petrana-sabolek.net\/index.php\/wp-json\/wp\/v2\/posts"}],"about":[{"href":"https:\/\/petrana-sabolek.net\/index.php\/wp-json\/wp\/v2\/types\/post"}],"author":[{"embeddable":true,"href":"https:\/\/petrana-sabolek.net\/index.php\/wp-json\/wp\/v2\/users\/1"}],"replies":[{"embeddable":true,"href":"https:\/\/petrana-sabolek.net\/index.php\/wp-json\/wp\/v2\/comments?post=3927"}],"version-history":[{"count":3,"href":"https:\/\/petrana-sabolek.net\/index.php\/wp-json\/wp\/v2\/posts\/3927\/revisions"}],"predecessor-version":[{"id":3930,"href":"https:\/\/petrana-sabolek.net\/index.php\/wp-json\/wp\/v2\/posts\/3927\/revisions\/3930"}],"wp:featuredmedia":[{"embeddable":true,"href":"https:\/\/petrana-sabolek.net\/index.php\/wp-json\/wp\/v2\/media\/3917"}],"wp:attachment":[{"href":"https:\/\/petrana-sabolek.net\/index.php\/wp-json\/wp\/v2\/media?parent=3927"}],"wp:term":[{"taxonomy":"category","embeddable":true,"href":"https:\/\/petrana-sabolek.net\/index.php\/wp-json\/wp\/v2\/categories?post=3927"},{"taxonomy":"post_tag","embeddable":true,"href":"https:\/\/petrana-sabolek.net\/index.php\/wp-json\/wp\/v2\/tags?post=3927"}],"curies":[{"name":"wp","href":"https:\/\/api.w.org\/{rel}","templated":true}]}}