{"id":3933,"date":"2024-08-03T18:16:00","date_gmt":"2024-08-03T18:16:00","guid":{"rendered":"https:\/\/petrana-sabolek.net\/?p=3933"},"modified":"2024-08-03T18:16:00","modified_gmt":"2024-08-03T18:16:00","slug":"moj-stav","status":"publish","type":"post","link":"https:\/\/petrana-sabolek.net\/index.php\/2024\/08\/03\/moj-stav\/","title":{"rendered":"MOJ STAV"},"content":{"rendered":"<p>&nbsp;<\/p>\n<p>&nbsp;<\/p>\n<p><img loading=\"lazy\" decoding=\"async\" class=\"alignnone size-large wp-image-3934\" src=\"https:\/\/petrana-sabolek.net\/wp-content\/uploads\/2024\/08\/Skeniranje_20160424-47-1024x973.jpg\" alt=\"\" width=\"1024\" height=\"973\" srcset=\"https:\/\/petrana-sabolek.net\/wp-content\/uploads\/2024\/08\/Skeniranje_20160424-47-1024x973.jpg 1024w, https:\/\/petrana-sabolek.net\/wp-content\/uploads\/2024\/08\/Skeniranje_20160424-47-980x931.jpg 980w, https:\/\/petrana-sabolek.net\/wp-content\/uploads\/2024\/08\/Skeniranje_20160424-47-480x456.jpg 480w\" sizes=\"auto, (min-width: 0px) and (max-width: 480px) 480px, (min-width: 481px) and (max-width: 980px) 980px, (min-width: 981px) 1024px, 100vw\" \/>Mo\u017eda se ne\u0107ete slo\u017eiti sa mnom, no osobno smatram da ne bi bilo po\u0161teno da pjesnik ode prije nego ispi\u0161e i posljednji stih, kao ni slikar prije nego dovr\u0161i sliku, kako ih ne bi zaostale misli, neispisane ili neizre\u010deni rije\u010di, odnosno neoslikana platna \u017euljala putem. Jer, \u0161togod mislili, tek i pjesnik i slikar su posebna sorta \u2013 ljudska bi\u0107a izvan okvira svakodnevice s nepresu\u0161ivim izvorom rije\u010di, vizura i slika pa ne bi bilo po\u0161teno srezati im misli, skr\u0161iti pero ili polomiti kist te ih i prije vremena maknuti iz vlastite groteske, travestije, satire, patetike kojoj su posve\u0107eni.<\/p>\n<p>&nbsp;<\/p>\n","protected":false},"excerpt":{"rendered":"<p>&nbsp; &nbsp; Mo\u017eda se ne\u0107ete slo\u017eiti sa mnom, no osobno smatram da ne bi bilo po\u0161teno da pjesnik ode prije nego ispi\u0161e i posljednji stih, kao ni slikar prije nego dovr\u0161i sliku, kako ih ne bi zaostale misli, neispisane ili neizre\u010deni rije\u010di, odnosno neoslikana platna \u017euljala putem. Jer, \u0161togod mislili, tek i pjesnik i slikar [&hellip;]<\/p>\n","protected":false},"author":1,"featured_media":3934,"comment_status":"open","ping_status":"open","sticky":false,"template":"","format":"gallery","meta":{"_et_pb_use_builder":"","_et_pb_old_content":"","_et_gb_content_width":"","footnotes":""},"categories":[7,3,1],"tags":[],"class_list":["post-3933","post","type-post","status-publish","format-gallery","has-post-thumbnail","hentry","category-blog","category-poezija","category-uncategorized","post_format-post-format-gallery"],"_links":{"self":[{"href":"https:\/\/petrana-sabolek.net\/index.php\/wp-json\/wp\/v2\/posts\/3933","targetHints":{"allow":["GET"]}}],"collection":[{"href":"https:\/\/petrana-sabolek.net\/index.php\/wp-json\/wp\/v2\/posts"}],"about":[{"href":"https:\/\/petrana-sabolek.net\/index.php\/wp-json\/wp\/v2\/types\/post"}],"author":[{"embeddable":true,"href":"https:\/\/petrana-sabolek.net\/index.php\/wp-json\/wp\/v2\/users\/1"}],"replies":[{"embeddable":true,"href":"https:\/\/petrana-sabolek.net\/index.php\/wp-json\/wp\/v2\/comments?post=3933"}],"version-history":[{"count":4,"href":"https:\/\/petrana-sabolek.net\/index.php\/wp-json\/wp\/v2\/posts\/3933\/revisions"}],"predecessor-version":[{"id":3938,"href":"https:\/\/petrana-sabolek.net\/index.php\/wp-json\/wp\/v2\/posts\/3933\/revisions\/3938"}],"wp:featuredmedia":[{"embeddable":true,"href":"https:\/\/petrana-sabolek.net\/index.php\/wp-json\/wp\/v2\/media\/3934"}],"wp:attachment":[{"href":"https:\/\/petrana-sabolek.net\/index.php\/wp-json\/wp\/v2\/media?parent=3933"}],"wp:term":[{"taxonomy":"category","embeddable":true,"href":"https:\/\/petrana-sabolek.net\/index.php\/wp-json\/wp\/v2\/categories?post=3933"},{"taxonomy":"post_tag","embeddable":true,"href":"https:\/\/petrana-sabolek.net\/index.php\/wp-json\/wp\/v2\/tags?post=3933"}],"curies":[{"name":"wp","href":"https:\/\/api.w.org\/{rel}","templated":true}]}}