{"id":4454,"date":"2024-11-10T16:45:58","date_gmt":"2024-11-10T16:45:58","guid":{"rendered":"https:\/\/petrana-sabolek.net\/?p=4454"},"modified":"2025-10-24T15:03:16","modified_gmt":"2025-10-24T15:03:16","slug":"promocija-knjige-price-za-naj-djecje-uho","status":"publish","type":"post","link":"https:\/\/petrana-sabolek.net\/index.php\/2024\/11\/10\/promocija-knjige-price-za-naj-djecje-uho\/","title":{"rendered":"PROMOCIJA KNJIGE &#8220;PRI\u010cE ZA NAJ DJE\u010cJE UHO&#8221;"},"content":{"rendered":"<div class=\"xdj266r x11i5rnm xat24cr x1mh8g0r x1vvkbs x126k92a\">\n<div dir=\"auto\"><img loading=\"lazy\" decoding=\"async\" class=\"alignnone size-large wp-image-4386\" src=\"https:\/\/petrana-sabolek.net\/wp-content\/uploads\/2024\/09\/prica-za-naj-djecje-uho-nova-naslovnica-1024x683.jpg\" alt=\"\" width=\"1024\" height=\"683\" srcset=\"https:\/\/petrana-sabolek.net\/wp-content\/uploads\/2024\/09\/prica-za-naj-djecje-uho-nova-naslovnica-980x654.jpg 980w, https:\/\/petrana-sabolek.net\/wp-content\/uploads\/2024\/09\/prica-za-naj-djecje-uho-nova-naslovnica-480x320.jpg 480w\" sizes=\"auto, (min-width: 0px) and (max-width: 480px) 480px, (min-width: 481px) and (max-width: 980px) 980px, (min-width: 981px) 1024px, 100vw\" \/><img loading=\"lazy\" decoding=\"async\" class=\"alignnone size-large wp-image-4451\" src=\"https:\/\/petrana-sabolek.net\/wp-content\/uploads\/2024\/11\/1730909004665-1024x766.jpg\" alt=\"\" width=\"1024\" height=\"766\" srcset=\"https:\/\/petrana-sabolek.net\/wp-content\/uploads\/2024\/11\/1730909004665-980x733.jpg 980w, https:\/\/petrana-sabolek.net\/wp-content\/uploads\/2024\/11\/1730909004665-480x359.jpg 480w\" sizes=\"auto, (min-width: 0px) and (max-width: 480px) 480px, (min-width: 481px) and (max-width: 980px) 980px, (min-width: 981px) 1024px, 100vw\" \/>Knji\u017eevni susret s djecom uvijek veseli, osobito kad je odr\u017ean u krasnom ambijentu <span class=\"html-span xdj266r x11i5rnm xat24cr x1mh8g0r xexx8yu x4uap5 x18d9i69 xkhd6sd x1hl2dhg x16tdsg8 x1vvkbs\"><a class=\"x1i10hfl xjbqb8w x1ejq31n xd10rxx x1sy0etr x17r0tee x972fbf xcfux6l x1qhh985 xm0m39n x9f619 x1ypdohk xt0psk2 xe8uvvx xdj266r x11i5rnm xat24cr x1mh8g0r xexx8yu x4uap5 x18d9i69 xkhd6sd x16tdsg8 x1hl2dhg xggy1nq x1a2a7pz x1sur9pj xkrqix3 x1fey0fg x1s688f\" tabindex=\"0\" role=\"link\" href=\"https:\/\/www.facebook.com\/KnjiznicaNikolaZrinskiCakovec?__cft__[0]=AZWkoPa9fU6-8ATwPEvm4pLB_x-lAcCDKj0N9vTb7xWApRAO4VdVXgS-4F-Vq2QVv1448N5e7JjHqt3txeh_PStgiMsUcwaNvYYyC3G-aygcF8y4AFRag1I_wvJeDoSdJzrO2Dtzhq07YGw-haQs9LdO1NsFlOlmvTzaz5fqk1XOP-TQRN2OjCSreug7MpnCGB4&amp;__tn__=-]K-R\"><span class=\"xt0psk2\">Knji\u017enica &#8220;Nikola Zrinski&#8221; \u010cakovec<\/span><\/a><\/span>, u Mjesecu hrvatske knjige, uz sjajnu promotoricu tetu Bla\u0161ku i mog nezamjenljivog suradnika, prof. Damira Rodigera, koji je glazbom i pjesmom savr\u0161eno povezao pri\u010de iz moje najnovije knjige \u201ePri\u010de za naj dje\u010dje uho\u201c, nakladnika <span class=\"html-span xdj266r x11i5rnm xat24cr x1mh8g0r xexx8yu x4uap5 x18d9i69 xkhd6sd x1hl2dhg x16tdsg8 x1vvkbs\"><a class=\"x1i10hfl xjbqb8w x1ejq31n xd10rxx x1sy0etr x17r0tee x972fbf xcfux6l x1qhh985 xm0m39n x9f619 x1ypdohk xt0psk2 xe8uvvx xdj266r x11i5rnm xat24cr x1mh8g0r xexx8yu x4uap5 x18d9i69 xkhd6sd x16tdsg8 x1hl2dhg xggy1nq x1a2a7pz x1sur9pj xkrqix3 x1fey0fg x1s688f\" tabindex=\"0\" role=\"link\" href=\"https:\/\/www.facebook.com\/@klubprvihpisaca\/?__cft__[0]=AZWkoPa9fU6-8ATwPEvm4pLB_x-lAcCDKj0N9vTb7xWApRAO4VdVXgS-4F-Vq2QVv1448N5e7JjHqt3txeh_PStgiMsUcwaNvYYyC3G-aygcF8y4AFRag1I_wvJeDoSdJzrO2Dtzhq07YGw-haQs9LdO1NsFlOlmvTzaz5fqk1XOP-TQRN2OjCSreug7MpnCGB4&amp;__tn__=-]K-R\"><span class=\"xt0psk2\">Hrvatsko dru\u0161tvo knji\u017eevnika za djecu i mlade<\/span><\/a><\/span>. A to \u0161to su te pri\u010de \u010ditali moji unuci Paula i Vedran To\u0161i\u0107 svojim \u0161kolskim prijateljima iz I. O\u0160 \u010cakovec, u pratnji u\u010diteljica Tine Novoselc, Anite Vadas i Romane Holeti\u0107, u\u010dinilo je ovaj susret nezaboravnim. Hvala svima za ove dana\u0161nje prelijepe trenutke u kojima sam istovremeno bila i knji\u017eevnica i baka!<\/div>\n<\/div>\n<div class=\"x11i5rnm xat24cr x1mh8g0r x1vvkbs xtlvy1s x126k92a\">\n<div dir=\"auto\"><img loading=\"lazy\" decoding=\"async\" class=\"alignnone size-large wp-image-4458\" src=\"https:\/\/petrana-sabolek.net\/wp-content\/uploads\/2024\/11\/1730909004616-766x1024.jpg\" alt=\"\" width=\"766\" height=\"1024\" \/><\/div>\n<div dir=\"auto\"><img loading=\"lazy\" decoding=\"async\" class=\"alignnone size-large wp-image-4457\" src=\"https:\/\/petrana-sabolek.net\/wp-content\/uploads\/2024\/11\/1730909004362-766x1024.jpg\" alt=\"\" width=\"766\" height=\"1024\" \/><\/div>\n<div dir=\"auto\"><img loading=\"lazy\" decoding=\"async\" class=\"alignnone size-large wp-image-4456\" src=\"https:\/\/petrana-sabolek.net\/wp-content\/uploads\/2024\/11\/35175722-512e-4ced-9cb4-bb7f14cf3307-768x1024.jpg\" alt=\"\" width=\"768\" height=\"1024\" \/><\/div>\n<\/div>\n","protected":false},"excerpt":{"rendered":"<p>Knji\u017eevni susret s djecom uvijek veseli, osobito kad je odr\u017ean u krasnom ambijentu Knji\u017enica &#8220;Nikola Zrinski&#8221; \u010cakovec, u Mjesecu hrvatske knjige, uz sjajnu promotoricu tetu Bla\u0161ku i mog nezamjenljivog suradnika, prof. Damira Rodigera, koji je glazbom i pjesmom savr\u0161eno povezao pri\u010de iz moje najnovije knjige \u201ePri\u010de za naj dje\u010dje uho\u201c, nakladnika Hrvatsko dru\u0161tvo knji\u017eevnika za [&hellip;]<\/p>\n","protected":false},"author":1,"featured_media":4450,"comment_status":"open","ping_status":"open","sticky":false,"template":"","format":"gallery","meta":{"_et_pb_use_builder":"","_et_pb_old_content":"","_et_gb_content_width":"","footnotes":""},"categories":[11,9,4,1],"tags":[],"class_list":["post-4454","post","type-post","status-publish","format-gallery","has-post-thumbnail","hentry","category-djecji_blok","category-novosti","category-proza","category-uncategorized","post_format-post-format-gallery"],"_links":{"self":[{"href":"https:\/\/petrana-sabolek.net\/index.php\/wp-json\/wp\/v2\/posts\/4454","targetHints":{"allow":["GET"]}}],"collection":[{"href":"https:\/\/petrana-sabolek.net\/index.php\/wp-json\/wp\/v2\/posts"}],"about":[{"href":"https:\/\/petrana-sabolek.net\/index.php\/wp-json\/wp\/v2\/types\/post"}],"author":[{"embeddable":true,"href":"https:\/\/petrana-sabolek.net\/index.php\/wp-json\/wp\/v2\/users\/1"}],"replies":[{"embeddable":true,"href":"https:\/\/petrana-sabolek.net\/index.php\/wp-json\/wp\/v2\/comments?post=4454"}],"version-history":[{"count":5,"href":"https:\/\/petrana-sabolek.net\/index.php\/wp-json\/wp\/v2\/posts\/4454\/revisions"}],"predecessor-version":[{"id":4524,"href":"https:\/\/petrana-sabolek.net\/index.php\/wp-json\/wp\/v2\/posts\/4454\/revisions\/4524"}],"wp:featuredmedia":[{"embeddable":true,"href":"https:\/\/petrana-sabolek.net\/index.php\/wp-json\/wp\/v2\/media\/4450"}],"wp:attachment":[{"href":"https:\/\/petrana-sabolek.net\/index.php\/wp-json\/wp\/v2\/media?parent=4454"}],"wp:term":[{"taxonomy":"category","embeddable":true,"href":"https:\/\/petrana-sabolek.net\/index.php\/wp-json\/wp\/v2\/categories?post=4454"},{"taxonomy":"post_tag","embeddable":true,"href":"https:\/\/petrana-sabolek.net\/index.php\/wp-json\/wp\/v2\/tags?post=4454"}],"curies":[{"name":"wp","href":"https:\/\/api.w.org\/{rel}","templated":true}]}}