{"id":4488,"date":"2024-12-09T13:03:52","date_gmt":"2024-12-09T13:03:52","guid":{"rendered":"https:\/\/petrana-sabolek.net\/?p=4488"},"modified":"2025-01-30T13:23:53","modified_gmt":"2025-01-30T13:23:53","slug":"4488","status":"publish","type":"post","link":"https:\/\/petrana-sabolek.net\/index.php\/2024\/12\/09\/4488\/","title":{"rendered":"OP\u0106INA DONJI KRALJEVEC &#8211; DAN KULTURE, 2024."},"content":{"rendered":"<p><img loading=\"lazy\" decoding=\"async\" class=\"alignnone size-full wp-image-4489\" src=\"https:\/\/petrana-sabolek.net\/wp-content\/uploads\/2024\/12\/D.-Kraljevec-Vecer-kulture-22.11.2024.5.webp\" alt=\"\" width=\"600\" height=\"650\" srcset=\"https:\/\/petrana-sabolek.net\/wp-content\/uploads\/2024\/12\/D.-Kraljevec-Vecer-kulture-22.11.2024.5.webp 600w, https:\/\/petrana-sabolek.net\/wp-content\/uploads\/2024\/12\/D.-Kraljevec-Vecer-kulture-22.11.2024.5-480x520.webp 480w\" sizes=\"auto, (min-width: 0px) and (max-width: 480px) 480px, (min-width: 481px) 600px, 100vw\" \/>\u201eMo\u010d \u017eivljenja\u201c, roman na kajkavskom jeziku me\u0111imurskog donjokraljeve\u010dkog idioma predstavljen i na ovogodi\u0161njoj manifestaciji kulturnih ostvarenja Op\u0107ine Donji Kraljevec, odr\u017eanoj 22. studenog u hotelu \u201eKralj\u201c u Donjem Kraljevcu.<\/p>\n","protected":false},"excerpt":{"rendered":"<p>\u201eMo\u010d \u017eivljenja\u201c, roman na kajkavskom jeziku me\u0111imurskog donjokraljeve\u010dkog idioma predstavljen i na ovogodi\u0161njoj manifestaciji kulturnih ostvarenja Op\u0107ine Donji Kraljevec, odr\u017eanoj 22. studenog u hotelu \u201eKralj\u201c u Donjem Kraljevcu.<\/p>\n","protected":false},"author":1,"featured_media":4489,"comment_status":"open","ping_status":"open","sticky":false,"template":"","format":"gallery","meta":{"_et_pb_use_builder":"","_et_pb_old_content":"","_et_gb_content_width":"","footnotes":""},"categories":[7,9,4,1],"tags":[],"class_list":["post-4488","post","type-post","status-publish","format-gallery","has-post-thumbnail","hentry","category-blog","category-novosti","category-proza","category-uncategorized","post_format-post-format-gallery"],"_links":{"self":[{"href":"https:\/\/petrana-sabolek.net\/index.php\/wp-json\/wp\/v2\/posts\/4488","targetHints":{"allow":["GET"]}}],"collection":[{"href":"https:\/\/petrana-sabolek.net\/index.php\/wp-json\/wp\/v2\/posts"}],"about":[{"href":"https:\/\/petrana-sabolek.net\/index.php\/wp-json\/wp\/v2\/types\/post"}],"author":[{"embeddable":true,"href":"https:\/\/petrana-sabolek.net\/index.php\/wp-json\/wp\/v2\/users\/1"}],"replies":[{"embeddable":true,"href":"https:\/\/petrana-sabolek.net\/index.php\/wp-json\/wp\/v2\/comments?post=4488"}],"version-history":[{"count":3,"href":"https:\/\/petrana-sabolek.net\/index.php\/wp-json\/wp\/v2\/posts\/4488\/revisions"}],"predecessor-version":[{"id":4508,"href":"https:\/\/petrana-sabolek.net\/index.php\/wp-json\/wp\/v2\/posts\/4488\/revisions\/4508"}],"wp:featuredmedia":[{"embeddable":true,"href":"https:\/\/petrana-sabolek.net\/index.php\/wp-json\/wp\/v2\/media\/4489"}],"wp:attachment":[{"href":"https:\/\/petrana-sabolek.net\/index.php\/wp-json\/wp\/v2\/media?parent=4488"}],"wp:term":[{"taxonomy":"category","embeddable":true,"href":"https:\/\/petrana-sabolek.net\/index.php\/wp-json\/wp\/v2\/categories?post=4488"},{"taxonomy":"post_tag","embeddable":true,"href":"https:\/\/petrana-sabolek.net\/index.php\/wp-json\/wp\/v2\/tags?post=4488"}],"curies":[{"name":"wp","href":"https:\/\/api.w.org\/{rel}","templated":true}]}}